{"id":60320,"date":"2026-08-31T16:34:23","date_gmt":"2026-08-31T19:34:23","guid":{"rendered":"https:\/\/lt15concordia.com.ar\/?p=60320"},"modified":"2026-08-31T16:34:35","modified_gmt":"2026-08-31T19:34:35","slug":"rossi-propone-en-entre-rios-una-ley-para-proteger-empresas-recuperadas","status":"publish","type":"post","link":"https:\/\/lt15concordia.com.ar\/index.php\/2026\/08\/31\/rossi-propone-en-entre-rios-una-ley-para-proteger-empresas-recuperadas\/","title":{"rendered":"Rossi propone en Entre R\u00edos una ley para proteger empresas recuperadas"},"content":{"rendered":"<p>Un vac\u00edo normativo que nadie quiso llenar durante a\u00f1os. El diputado provincial <strong>Juan Manuel Rossi<\/strong> present\u00f3 en la <strong>C\u00e1mara de Diputados de Entre R\u00edos<\/strong> un proyecto de ley de <strong>Protecci\u00f3n y Apoyo a las Empresas Recuperadas por los Trabajadores<\/strong>, apuntando directo al problema que aparece cuando una pyme, una industria o un medio de comunicaci\u00f3n se cae: \u00bfqu\u00e9 pasa con los trabajadores que quedan adentro?<\/p>\n<p>La iniciativa toma como modelo la experiencia de <strong>C\u00f3rdoba<\/strong>, que este a\u00f1o sancion\u00f3 una legislaci\u00f3n espec\u00edfica sobre el tema, y la adapta a la realidad entrerriana. El eje central es permitir que los trabajadores puedan continuar la actividad a trav\u00e9s de <strong>cooperativas de trabajo<\/strong>, con un marco jur\u00eddico claro que acompa\u00f1e el proceso dentro del concurso o quiebra, seg\u00fan los t\u00e9rminos de la <strong>Ley Nacional N\u00ba 24.552<\/strong>.<\/p>\n<p>El proyecto crea un <strong>Registro Provincial de Empresas Recuperadas<\/strong> en el \u00e1mbito del <strong>Instituto de Promoci\u00f3n Cooperativa y Mutualidades de Entre R\u00edos (IPCYMER)<\/strong>, que actuar\u00e1 como autoridad de aplicaci\u00f3n junto a la <strong>Secretar\u00eda de Trabajo<\/strong>. Las empresas inscriptas acceder\u00edan a asistencia t\u00e9cnica, capacitaciones, <strong>l\u00edneas de cr\u00e9dito<\/strong>, tratamiento fiscal diferencial y preferencia como proveedoras del Estado provincial.<\/p>\n<p><strong>&#8220;El presente proyecto viene a cubrir un vac\u00edo normativo cr\u00edtico: el protocolo de crisis e intervenci\u00f3n r\u00e1pida ante el colapso de pymes, industrias, medios de comunicaci\u00f3n&#8221;<\/strong>, sostuvo Rossi, remarcando que la propuesta no plantea ning\u00fan tipo de estatizaci\u00f3n, sino ordenar institucionalmente un mecanismo para que la producci\u00f3n y el empleo no se evaporen cuando una empresa entra en crisis.<\/p>\n<p>Los n\u00fameros que respaldan la urgencia son duros. Seg\u00fan los datos incorporados al proyecto, en <strong>enero de 2026<\/strong> Entre R\u00edos registraba <strong>854 empresas menos<\/strong> que en noviembre de 2023, y una p\u00e9rdida de <strong>4.412 puestos de trabajo privados registrados<\/strong> en el mismo per\u00edodo. El contexto econ\u00f3mico provincial no da margen para improvisar cuando una unidad productiva colapsa.<\/p>\n<p><strong>&#8220;Queremos que ante una crisis la respuesta sea preservar el trabajo, la producci\u00f3n y las capacidades que ya existen en Entre R\u00edos&#8221;<\/strong>, cerr\u00f3 el diputado. La propuesta busca complementar las leyes provinciales vigentes sobre econom\u00eda social y cooperativismo, incorporando una herramienta espec\u00edfica de intervenci\u00f3n r\u00e1pida. Ahora el proyecto deber\u00e1 recorrer el camino legislativo en la C\u00e1mara para convertirse en ley.<\/p>\n<p><script type=\"application\/ld+json\">{\"@context\": \"https:\/\/schema.org\", \"@type\": \"NewsArticle\", \"headline\": \"Rossi propone en Entre R\u00edos una ley para proteger empresas recuperadas\", \"description\": \"El diputado present\u00f3 un proyecto para que trabajadores contin\u00faen empresas en crisis mediante cooperativas, con cr\u00e9ditos y beneficios fiscales.\", \"datePublished\": \"2026-08-31T16:34:35-03:00\", \"dateModified\": \"2026-08-31T16:34:35-03:00\", \"inLanguage\": \"es-AR\", \"articleSection\": \"politica\", \"author\": {\"@type\": \"Organization\", \"name\": \"Redaccion LT15 Concordia\", \"url\": \"https:\/\/lt15concordia.com.ar\"}, \"publisher\": {\"@type\": \"Organization\", \"name\": \"LT15 Concordia\"}, \"mainEntityOfPage\": {\"@type\": \"WebPage\", \"@id\": \"https:\/\/lt15concordia.com.ar\/index.php\/2026\/08\/31\/rossi-propone-en-entre-rios-una-ley-para-proteger-empresas-recuperadas\/\"}, \"image\": [\"https:\/\/dosflorines.com.ar\/wp-content\/uploads\/2026\/08\/rossi-diputado.jpeg\"]}<\/script><\/p>\n","protected":false},"excerpt":{"rendered":"<p>El diputado present\u00f3 un proyecto para que trabajadores contin\u00faen empresas en crisis mediante cooperativas, con cr\u00e9ditos y beneficios fiscales.<\/p>\n","protected":false},"author":5,"featured_media":60319,"comment_status":"closed","ping_status":"closed","sticky":false,"template":"","format":"standard","meta":{"footnotes":""},"categories":[37],"tags":[1087,967,65,4601,63,2203],"_links":{"self":[{"href":"https:\/\/lt15concordia.com.ar\/index.php\/wp-json\/wp\/v2\/posts\/60320"}],"collection":[{"href":"https:\/\/lt15concordia.com.ar\/index.php\/wp-json\/wp\/v2\/posts"}],"about":[{"href":"https:\/\/lt15concordia.com.ar\/index.php\/wp-json\/wp\/v2\/types\/post"}],"author":[{"embeddable":true,"href":"https:\/\/lt15concordia.com.ar\/index.php\/wp-json\/wp\/v2\/users\/5"}],"replies":[{"embeddable":true,"href":"https:\/\/lt15concordia.com.ar\/index.php\/wp-json\/wp\/v2\/comments?post=60320"}],"version-history":[{"count":2,"href":"https:\/\/lt15concordia.com.ar\/index.php\/wp-json\/wp\/v2\/posts\/60320\/revisions"}],"predecessor-version":[{"id":60322,"href":"https:\/\/lt15concordia.com.ar\/index.php\/wp-json\/wp\/v2\/posts\/60320\/revisions\/60322"}],"wp:featuredmedia":[{"embeddable":true,"href":"https:\/\/lt15concordia.com.ar\/index.php\/wp-json\/wp\/v2\/media\/60319"}],"wp:attachment":[{"href":"https:\/\/lt15concordia.com.ar\/index.php\/wp-json\/wp\/v2\/media?parent=60320"}],"wp:term":[{"taxonomy":"category","embeddable":true,"href":"https:\/\/lt15concordia.com.ar\/index.php\/wp-json\/wp\/v2\/categories?post=60320"},{"taxonomy":"post_tag","embeddable":true,"href":"https:\/\/lt15concordia.com.ar\/index.php\/wp-json\/wp\/v2\/tags?post=60320"}],"curies":[{"name":"wp","href":"https:\/\/api.w.org\/{rel}","templated":true}]}}