{"id":60318,"date":"2026-08-31T16:38:09","date_gmt":"2026-08-31T19:38:09","guid":{"rendered":"https:\/\/lt15concordia.com.ar\/?p=60318"},"modified":"2026-08-31T16:38:20","modified_gmt":"2026-08-31T19:38:20","slug":"este-domingo-se-realizo-el-cierre-del-mes-del-nino-en-concordia","status":"publish","type":"post","link":"https:\/\/lt15concordia.com.ar\/index.php\/2026\/08\/31\/este-domingo-se-realizo-el-cierre-del-mes-del-nino-en-concordia\/","title":{"rendered":"Este domingo se realiz\u00f3 el cierre del mes del ni\u00f1o en Concordia"},"content":{"rendered":"\n<p><strong>La Municipalidad de Concordia cerr\u00f3 este domingo una propuesta que durante todo agosto llev\u00f3 juegos, espect\u00e1culos, cultura y alegr\u00eda a distintos sectores de la ciudad. A trav\u00e9s de cuatro grandes festejos en puntos estrat\u00e9gicos, la celebraci\u00f3n alcanz\u00f3 a m\u00e1s de 30 barrios de Concordia<\/strong><\/p>\n\n\n\n<figure class=\"wp-block-image size-full\"><img loading=\"lazy\" decoding=\"async\" width=\"2000\" height=\"1333\" src=\"https:\/\/lt15concordia.com.ar\/wp-content\/uploads\/2026\/08\/Ninos-03.jpg\" alt=\"\" class=\"wp-image-60328\" srcset=\"https:\/\/lt15concordia.com.ar\/wp-content\/uploads\/2026\/08\/Ninos-03.jpg 2000w, https:\/\/lt15concordia.com.ar\/wp-content\/uploads\/2026\/08\/Ninos-03-300x200.jpg 300w, https:\/\/lt15concordia.com.ar\/wp-content\/uploads\/2026\/08\/Ninos-03-768x512.jpg 768w, https:\/\/lt15concordia.com.ar\/wp-content\/uploads\/2026\/08\/Ninos-03-1536x1024.jpg 1536w, https:\/\/lt15concordia.com.ar\/wp-content\/uploads\/2026\/08\/Ninos-03-630x420.jpg 630w, https:\/\/lt15concordia.com.ar\/wp-content\/uploads\/2026\/08\/Ninos-03-696x464.jpg 696w, https:\/\/lt15concordia.com.ar\/wp-content\/uploads\/2026\/08\/Ninos-03-1068x712.jpg 1068w, https:\/\/lt15concordia.com.ar\/wp-content\/uploads\/2026\/08\/Ninos-03-1920x1280.jpg 1920w\" sizes=\"(max-width: 2000px) 100vw, 2000px\" \/><\/figure>\n\n\n\n<p><br>\u00a0<br>La Municipalidad de Concordia llev\u00f3 adelante este domingo el gran cierre del Mes del Ni\u00f1o en el Parque Central \u201cVi\u00f1edos Moulins\u201d, donde miles de ni\u00f1os, acompa\u00f1ados por sus familias, se acercaron para disfrutar de una tarde especialmente preparada para celebrar el mes de los ni\u00f1os con juegos, m\u00fasica, espect\u00e1culos, obras de teatro y shows infantiles, adem\u00e1s de regalos.<br>\u00a0<br>De esta manera, lleg\u00f3 a su fin una propuesta que durante todo el mes tuvo como principal objetivo acercar la celebraci\u00f3n a los barrios de Concordia, generando espacios de encuentro y recreaci\u00f3n para los m\u00e1s chicos.<br>\u00a0<br><strong>UNA CELEBRACI\u00d3N QUE RECORRI\u00d3 CONCORDIA<\/strong><br>\u00a0<br>La propuesta logr\u00f3 abarcar a m\u00e1s de 30 barrios de la ciudad, acercando las actividades a diferentes sectores y permitiendo que las familias pudieran participar de manera libre y gratuita.<br>\u00a0<br>M\u00e1s all\u00e1 de cada festejo, el recorrido permiti\u00f3 recuperar y fortalecer los espacios p\u00fablicos como lugares de encuentro, celebraci\u00f3n y participaci\u00f3n comunitaria, poniendo a los ni\u00f1os en el centro de una propuesta pensada especialmente para ellos.<br>\u00a0<br><strong>EL VALOR DEL TRABAJO EN EQUIPO<\/strong><br>\u00a0<br>Desde la Municipalidad de Concordia se destac\u00f3 especialmente el trabajo articulado de todas las \u00e1reas municipales junto a los agentes territoriales que participaron en la organizaci\u00f3n, log\u00edstica, montaje, seguridad, limpieza, asistencia y desarrollo de cada una de las jornadas.<br>\u00a0<br>El desarrollo de cuatro grandes encuentros en distintos puntos de la ciudad requiri\u00f3 un importante trabajo conjunto, compromiso y coordinaci\u00f3n, que permiti\u00f3 que cada jornada pudiera desarrollarse de manera organizada y que las familias encontraran espacios preparados para disfrutar.<br>\u00a0<br><strong>UN RECONOCIMIENTO A LOS ARTISTAS<\/strong><br>\u00a0<br>La celebraci\u00f3n tambi\u00e9n tuvo como protagonistas fundamentales a los artistas que acompa\u00f1aron cada jornada.<br>\u00a0<br>Desde la organizaci\u00f3n destacaron y agradecieron especialmente a cada artista, grupo y compa\u00f1\u00eda que form\u00f3 parte del Mes del Ni\u00f1o, por el compromiso, la dedicaci\u00f3n y el respeto con el que llevaron adelante sus propuestas.<br>\u00a0<br>A trav\u00e9s del teatro, el circo, la m\u00fasica, el humor y el juego, los artistas lograron generar momentos de alegr\u00eda y asombro para miles de\u00a0 ni\u00f1os, convirtiendo cada escenario en un espacio de encuentro y diversi\u00f3n.<br>\u00a0<br><strong>UN MES PARA CELEBRAR<\/strong><br>\u00a0<br>Con el cierre realizado en el Parque Central, la Municipalidad de Concordia concluy\u00f3 un mes de actividades que tuvo como eje fundamental celebrar a nuestros ni\u00f1os y acercar propuestas culturales y recreativas a los distintos barrios.<br>\u00a0<br>Desde el Municipio agradecieron a todas las familias que participaron, a las instituciones y vecinos que acompa\u00f1aron cada jornada, a los artistas y a cada trabajador municipal que hizo posible este recorrido.<\/p>\n\n\n\n<p>Fuente: Municipalidad de Concordia<\/p>\n","protected":false},"excerpt":{"rendered":"<p>La Municipalidad de Concordia cerr\u00f3 este domingo una propuesta que durante todo agosto llev\u00f3 juegos, espect\u00e1culos, cultura y alegr\u00eda a distintos sectores de la ciudad. A trav\u00e9s de cuatro grandes festejos en puntos estrat\u00e9gicos, la celebraci\u00f3n alcanz\u00f3 a m\u00e1s de 30 barrios de Concordia \u00a0La Municipalidad de Concordia llev\u00f3 adelante este domingo el gran cierre [&hellip;]<\/p>\n","protected":false},"author":5,"featured_media":60327,"comment_status":"open","ping_status":"open","sticky":false,"template":"","format":"standard","meta":{"footnotes":""},"categories":[30],"tags":[],"_links":{"self":[{"href":"https:\/\/lt15concordia.com.ar\/index.php\/wp-json\/wp\/v2\/posts\/60318"}],"collection":[{"href":"https:\/\/lt15concordia.com.ar\/index.php\/wp-json\/wp\/v2\/posts"}],"about":[{"href":"https:\/\/lt15concordia.com.ar\/index.php\/wp-json\/wp\/v2\/types\/post"}],"author":[{"embeddable":true,"href":"https:\/\/lt15concordia.com.ar\/index.php\/wp-json\/wp\/v2\/users\/5"}],"replies":[{"embeddable":true,"href":"https:\/\/lt15concordia.com.ar\/index.php\/wp-json\/wp\/v2\/comments?post=60318"}],"version-history":[{"count":1,"href":"https:\/\/lt15concordia.com.ar\/index.php\/wp-json\/wp\/v2\/posts\/60318\/revisions"}],"predecessor-version":[{"id":60329,"href":"https:\/\/lt15concordia.com.ar\/index.php\/wp-json\/wp\/v2\/posts\/60318\/revisions\/60329"}],"wp:featuredmedia":[{"embeddable":true,"href":"https:\/\/lt15concordia.com.ar\/index.php\/wp-json\/wp\/v2\/media\/60327"}],"wp:attachment":[{"href":"https:\/\/lt15concordia.com.ar\/index.php\/wp-json\/wp\/v2\/media?parent=60318"}],"wp:term":[{"taxonomy":"category","embeddable":true,"href":"https:\/\/lt15concordia.com.ar\/index.php\/wp-json\/wp\/v2\/categories?post=60318"},{"taxonomy":"post_tag","embeddable":true,"href":"https:\/\/lt15concordia.com.ar\/index.php\/wp-json\/wp\/v2\/tags?post=60318"}],"curies":[{"name":"wp","href":"https:\/\/api.w.org\/{rel}","templated":true}]}}