{"id":60312,"date":"2026-08-31T16:32:56","date_gmt":"2026-08-31T19:32:56","guid":{"rendered":"https:\/\/lt15concordia.com.ar\/?p=60312"},"modified":"2026-08-31T16:33:06","modified_gmt":"2026-08-31T19:33:06","slug":"se-llevara-adelante-una-jornada-destinada-a-la-actualizacion-y-extension-de-los-beneficios-de-la-tarjeta-sube","status":"publish","type":"post","link":"https:\/\/lt15concordia.com.ar\/index.php\/2026\/08\/31\/se-llevara-adelante-una-jornada-destinada-a-la-actualizacion-y-extension-de-los-beneficios-de-la-tarjeta-sube\/","title":{"rendered":"Se llevar\u00e1 adelante una jornada destinada a la actualizaci\u00f3n y extensi\u00f3n de los beneficios de la tarjeta sube"},"content":{"rendered":"\n<p><strong>La Municipalidad de Concordia, a trav\u00e9s de la Direcci\u00f3n de Tr\u00e1nsito y Transporte, llevar\u00e1 adelante una jornada destinada a la actualizaci\u00f3n y extensi\u00f3n de los beneficios de la tarjeta SUBE para estudiantes, docentes y personas con discapacidad<\/strong><br>\u00a0<br>La actividad se realizar\u00e1 el viernes 4 de septiembre, de 8:00 a 12:00 horas, en la escuela &#8220;Pancho&#8221; Ram\u00edrez, ubicada en Odiard y avenida Presidente Illia.<br>\u00a0<br>En el caso de no poseer tarjeta SUBE, para poder otorgarle una, debe presentarse con fotocopia de DNI.<br>\u00a0<br><strong>TR\u00c1MITES<\/strong><br>\u00a0<br><strong>Primaria, secundaria y terciario<\/strong>: concurrir con DNI, tarjeta SUBE y certificado de alumno regular firmado por la instituci\u00f3n.<br>\u00a0<br><strong>Docentes:<\/strong>\u00a0concurrir con DNI, tarjeta SUBE y constancia expedida por Departamental.<br>\u00a0<br><strong>Discapacidad:<\/strong>\u00a0concurrir con DNI y fotocopia del certificado de discapacidad.<\/p>\n\n\n\n<p>Fuente: Municipalidad de Concordia<\/p>\n","protected":false},"excerpt":{"rendered":"<p>La Municipalidad de Concordia, a trav\u00e9s de la Direcci\u00f3n de Tr\u00e1nsito y Transporte, llevar\u00e1 adelante una jornada destinada a la actualizaci\u00f3n y extensi\u00f3n de los beneficios de la tarjeta SUBE para estudiantes, docentes y personas con discapacidad\u00a0La actividad se realizar\u00e1 el viernes 4 de septiembre, de 8:00 a 12:00 horas, en la escuela &#8220;Pancho&#8221; Ram\u00edrez, [&hellip;]<\/p>\n","protected":false},"author":5,"featured_media":41707,"comment_status":"open","ping_status":"open","sticky":false,"template":"","format":"standard","meta":{"footnotes":""},"categories":[30],"tags":[],"_links":{"self":[{"href":"https:\/\/lt15concordia.com.ar\/index.php\/wp-json\/wp\/v2\/posts\/60312"}],"collection":[{"href":"https:\/\/lt15concordia.com.ar\/index.php\/wp-json\/wp\/v2\/posts"}],"about":[{"href":"https:\/\/lt15concordia.com.ar\/index.php\/wp-json\/wp\/v2\/types\/post"}],"author":[{"embeddable":true,"href":"https:\/\/lt15concordia.com.ar\/index.php\/wp-json\/wp\/v2\/users\/5"}],"replies":[{"embeddable":true,"href":"https:\/\/lt15concordia.com.ar\/index.php\/wp-json\/wp\/v2\/comments?post=60312"}],"version-history":[{"count":1,"href":"https:\/\/lt15concordia.com.ar\/index.php\/wp-json\/wp\/v2\/posts\/60312\/revisions"}],"predecessor-version":[{"id":60317,"href":"https:\/\/lt15concordia.com.ar\/index.php\/wp-json\/wp\/v2\/posts\/60312\/revisions\/60317"}],"wp:featuredmedia":[{"embeddable":true,"href":"https:\/\/lt15concordia.com.ar\/index.php\/wp-json\/wp\/v2\/media\/41707"}],"wp:attachment":[{"href":"https:\/\/lt15concordia.com.ar\/index.php\/wp-json\/wp\/v2\/media?parent=60312"}],"wp:term":[{"taxonomy":"category","embeddable":true,"href":"https:\/\/lt15concordia.com.ar\/index.php\/wp-json\/wp\/v2\/categories?post=60312"},{"taxonomy":"post_tag","embeddable":true,"href":"https:\/\/lt15concordia.com.ar\/index.php\/wp-json\/wp\/v2\/tags?post=60312"}],"curies":[{"name":"wp","href":"https:\/\/api.w.org\/{rel}","templated":true}]}}