{"id":60302,"date":"2026-08-31T16:23:15","date_gmt":"2026-08-31T19:23:15","guid":{"rendered":"https:\/\/lt15concordia.com.ar\/?p=60302"},"modified":"2026-08-31T16:23:26","modified_gmt":"2026-08-31T19:23:26","slug":"oser-traslada-y-mejora-su-sede-de-viale","status":"publish","type":"post","link":"https:\/\/lt15concordia.com.ar\/index.php\/2026\/08\/31\/oser-traslada-y-mejora-su-sede-de-viale\/","title":{"rendered":"Oser traslada y mejora su sede de Viale"},"content":{"rendered":"\n<p><strong>La Obra Social de Entre R\u00edos (OSER) informa que su sede de Viale fue trasladada a un nuevo domicilio y desde este lunes 31 de agosto funcionar\u00e1 en calle Entre R\u00edos 215, en el marco del proceso de reorganizaci\u00f3n, adecuaci\u00f3n edilicia y mejora de la atenci\u00f3n al p\u00fablico que lleva adelante desde 2025<\/strong><\/p>\n\n\n\n<p>La mudanza forma parte del plan de modernizaci\u00f3n de la obra social, que busca mejorar progresivamente las condiciones de atenci\u00f3n, la accesibilidad y la calidad de los servicios que reciben los afiliados en las distintas sedes de la provincia.<\/p>\n\n\n\n<p>En ese marco, la nueva oficina de Viale cuenta con instalaciones m\u00e1s c\u00f3modas y adecuadas para la atenci\u00f3n de los afiliados y la realizaci\u00f3n de tr\u00e1mites presenciales.<\/p>\n\n\n\n<p>Desde la obra social, el presidente Mariano Gallegos destac\u00f3 que &#8220;esta nueva sede de Viale constituye un nuevo paso dentro del proceso del plan integral de mejoras que venimos desarrollando en toda la provincia, con el objetivo de mejorar la atenci\u00f3n y contar con espacios m\u00e1s adecuados para nuestros afiliados y trabajadores&#8221;.<\/p>\n\n\n\n<p>Fuente: Gobierno de Entre R\u00edos<\/p>\n","protected":false},"excerpt":{"rendered":"<p>La Obra Social de Entre R\u00edos (OSER) informa que su sede de Viale fue trasladada a un nuevo domicilio y desde este lunes 31 de agosto funcionar\u00e1 en calle Entre R\u00edos 215, en el marco del proceso de reorganizaci\u00f3n, adecuaci\u00f3n edilicia y mejora de la atenci\u00f3n al p\u00fablico que lleva adelante desde 2025 La mudanza [&hellip;]<\/p>\n","protected":false},"author":5,"featured_media":60303,"comment_status":"open","ping_status":"open","sticky":false,"template":"","format":"standard","meta":{"footnotes":""},"categories":[37],"tags":[],"_links":{"self":[{"href":"https:\/\/lt15concordia.com.ar\/index.php\/wp-json\/wp\/v2\/posts\/60302"}],"collection":[{"href":"https:\/\/lt15concordia.com.ar\/index.php\/wp-json\/wp\/v2\/posts"}],"about":[{"href":"https:\/\/lt15concordia.com.ar\/index.php\/wp-json\/wp\/v2\/types\/post"}],"author":[{"embeddable":true,"href":"https:\/\/lt15concordia.com.ar\/index.php\/wp-json\/wp\/v2\/users\/5"}],"replies":[{"embeddable":true,"href":"https:\/\/lt15concordia.com.ar\/index.php\/wp-json\/wp\/v2\/comments?post=60302"}],"version-history":[{"count":1,"href":"https:\/\/lt15concordia.com.ar\/index.php\/wp-json\/wp\/v2\/posts\/60302\/revisions"}],"predecessor-version":[{"id":60305,"href":"https:\/\/lt15concordia.com.ar\/index.php\/wp-json\/wp\/v2\/posts\/60302\/revisions\/60305"}],"wp:featuredmedia":[{"embeddable":true,"href":"https:\/\/lt15concordia.com.ar\/index.php\/wp-json\/wp\/v2\/media\/60303"}],"wp:attachment":[{"href":"https:\/\/lt15concordia.com.ar\/index.php\/wp-json\/wp\/v2\/media?parent=60302"}],"wp:term":[{"taxonomy":"category","embeddable":true,"href":"https:\/\/lt15concordia.com.ar\/index.php\/wp-json\/wp\/v2\/categories?post=60302"},{"taxonomy":"post_tag","embeddable":true,"href":"https:\/\/lt15concordia.com.ar\/index.php\/wp-json\/wp\/v2\/tags?post=60302"}],"curies":[{"name":"wp","href":"https:\/\/api.w.org\/{rel}","templated":true}]}}