{"id":60294,"date":"2026-08-31T16:17:44","date_gmt":"2026-08-31T19:17:44","guid":{"rendered":"https:\/\/lt15concordia.com.ar\/?p=60294"},"modified":"2026-08-31T16:17:56","modified_gmt":"2026-08-31T19:17:56","slug":"abren-una-nueva-convocatoria-del-registro-provincial-de-artesanas-y-artesanos-de-entre-rios","status":"publish","type":"post","link":"https:\/\/lt15concordia.com.ar\/index.php\/2026\/08\/31\/abren-una-nueva-convocatoria-del-registro-provincial-de-artesanas-y-artesanos-de-entre-rios\/","title":{"rendered":"Abren una nueva convocatoria del Registro Provincial de Artesanas y Artesanos de Entre R\u00edos"},"content":{"rendered":"\n<p><strong>La Secretar\u00eda de Cultura de Entre R\u00edos abre una nueva convocatoria para la actualizaci\u00f3n e incorporaci\u00f3n de artesanas y artesanos al Registro Provincial de la actividad. La inscripci\u00f3n es online, gratuita y el plazo va del 31 de agosto al 30 de septiembre de este a\u00f1o<\/strong><\/p>\n\n\n\n<p>La iniciativa est\u00e1 destinada tanto a quienes ya forman parte del Registro y necesitan actualizar sus datos, como a aquellas artesanas y artesanos de la provincia que a\u00fan no se encuentran registrados y deseen incorporarse.&nbsp;<\/p>\n\n\n\n<p>El Registro Provincial fue creado en el marco de la Ley Provincial de Artesan\u00edas, constituy\u00e9ndose como una herramienta fundamental para el reconocimiento, protecci\u00f3n, difusi\u00f3n, promoci\u00f3n y comercializaci\u00f3n de la producci\u00f3n artesanal entrerriana.<\/p>\n\n\n\n<p>La actualizaci\u00f3n permitir\u00e1 contar con informaci\u00f3n vigente sobre quienes integran el sector artesanal en los distintos departamentos y localidades de Entre R\u00edos, sus oficios, t\u00e9cnicas, materiales y producciones, fortaleciendo el dise\u00f1o de pol\u00edticas p\u00fablicas espec\u00edficas y generando nuevas posibilidades de participaci\u00f3n en actividades, convocatorias, ferias, exposiciones y acciones de promoci\u00f3n.<\/p>\n\n\n\n<p>Al mismo tiempo, se invita especialmente a nuevos artesanos a incorporarse al Registro, con el objetivo de continuar ampliando y federalizando esta herramienta y reconocer la diversidad de pr\u00e1cticas, conocimientos y saberes que conforman el patrimonio artesanal de nuestra provincia.<\/p>\n\n\n\n<p><strong>La convocatoria contempla dos modalidades:<\/strong><\/p>\n\n\n\n<p>-Actualizaci\u00f3n de datos: destinada a los artesanos que ya se encuentren inscriptos en el Registro Provincial y necesiten actualizar informaci\u00f3n personal, datos de contacto, localidad, rubro, t\u00e9cnicas, materiales, im\u00e1genes de sus producciones u otros antecedentes.<\/p>\n\n\n\n<p>-Nueva inscripci\u00f3n: destinada a los artesanos entrerrianos que todav\u00eda no formen parte del Registro y deseen iniciar el proceso de incorporaci\u00f3n.<\/p>\n\n\n\n<p>El Registro se implementa a trav\u00e9s de la Direcci\u00f3n General de Museos y Patrimonio Cultural y del Museo y Mercado Provincial de Artesan\u00edas Carlos Asiain.<\/p>\n\n\n\n<p>Consultas: nuevoregistrodeartesanos2026@gmail.com&nbsp;<\/p>\n\n\n\n<p>Fuente: Gobierno de Entre R\u00edos<\/p>\n","protected":false},"excerpt":{"rendered":"<p>La Secretar\u00eda de Cultura de Entre R\u00edos abre una nueva convocatoria para la actualizaci\u00f3n e incorporaci\u00f3n de artesanas y artesanos al Registro Provincial de la actividad. La inscripci\u00f3n es online, gratuita y el plazo va del 31 de agosto al 30 de septiembre de este a\u00f1o La iniciativa est\u00e1 destinada tanto a quienes ya forman [&hellip;]<\/p>\n","protected":false},"author":5,"featured_media":60295,"comment_status":"open","ping_status":"open","sticky":false,"template":"","format":"standard","meta":{"footnotes":""},"categories":[37],"tags":[],"_links":{"self":[{"href":"https:\/\/lt15concordia.com.ar\/index.php\/wp-json\/wp\/v2\/posts\/60294"}],"collection":[{"href":"https:\/\/lt15concordia.com.ar\/index.php\/wp-json\/wp\/v2\/posts"}],"about":[{"href":"https:\/\/lt15concordia.com.ar\/index.php\/wp-json\/wp\/v2\/types\/post"}],"author":[{"embeddable":true,"href":"https:\/\/lt15concordia.com.ar\/index.php\/wp-json\/wp\/v2\/users\/5"}],"replies":[{"embeddable":true,"href":"https:\/\/lt15concordia.com.ar\/index.php\/wp-json\/wp\/v2\/comments?post=60294"}],"version-history":[{"count":1,"href":"https:\/\/lt15concordia.com.ar\/index.php\/wp-json\/wp\/v2\/posts\/60294\/revisions"}],"predecessor-version":[{"id":60296,"href":"https:\/\/lt15concordia.com.ar\/index.php\/wp-json\/wp\/v2\/posts\/60294\/revisions\/60296"}],"wp:featuredmedia":[{"embeddable":true,"href":"https:\/\/lt15concordia.com.ar\/index.php\/wp-json\/wp\/v2\/media\/60295"}],"wp:attachment":[{"href":"https:\/\/lt15concordia.com.ar\/index.php\/wp-json\/wp\/v2\/media?parent=60294"}],"wp:term":[{"taxonomy":"category","embeddable":true,"href":"https:\/\/lt15concordia.com.ar\/index.php\/wp-json\/wp\/v2\/categories?post=60294"},{"taxonomy":"post_tag","embeddable":true,"href":"https:\/\/lt15concordia.com.ar\/index.php\/wp-json\/wp\/v2\/tags?post=60294"}],"curies":[{"name":"wp","href":"https:\/\/api.w.org\/{rel}","templated":true}]}}