{"id":60287,"date":"2026-08-31T16:14:08","date_gmt":"2026-08-31T19:14:08","guid":{"rendered":"https:\/\/lt15concordia.com.ar\/?p=60287"},"modified":"2026-08-31T16:14:20","modified_gmt":"2026-08-31T19:14:20","slug":"el-copnaf-invita-en-parana-a-conversar-sobre-emociones-limites-y-crianza","status":"publish","type":"post","link":"https:\/\/lt15concordia.com.ar\/index.php\/2026\/08\/31\/el-copnaf-invita-en-parana-a-conversar-sobre-emociones-limites-y-crianza\/","title":{"rendered":"El Copnaf invita en Paran\u00e1 a conversar sobre emociones, l\u00edmites y crianza"},"content":{"rendered":"\n<p><strong>El Gobierno de Entre R\u00edos, a trav\u00e9s del Copnaf, realizar\u00e1 este martes un nuevo encuentro gratuito del ciclo. La charla-taller abordar\u00e1 emociones, l\u00edmites y respuestas adultas ante situaciones cotidianas, con herramientas para madres, padres, profesionales y referentes de cuidado<\/strong><\/p>\n\n\n\n<p>\u00bfC\u00f3mo acompa\u00f1ar un enojo o una frustraci\u00f3n? \u00bfQu\u00e9 significa validar una emoci\u00f3n? \u00bfC\u00f3mo sostener un l\u00edmite con respeto? Estas y otras situaciones cotidianas ser\u00e1n parte del nuevo encuentro de Emociones en Familia, que el Gobierno de Entre R\u00edos, a trav\u00e9s del Consejo Provincial del Ni\u00f1o, el Adolescente y la Familia (Copnaf), realizar\u00e1 este martes 1 de septiembre en Paran\u00e1.<\/p>\n\n\n\n<p><br>La propuesta tendr\u00e1 lugar de 16.30 a 19 en la Universidad Cat\u00f3lica Argentina (UCA), Buenos Aires 239, y estar\u00e1 destinada a madres, padres, profesionales, docentes y referentes de cuidado interesados en sumar herramientas para acompa\u00f1ar a ni\u00f1as, ni\u00f1os y adolescentes.<\/p>\n\n\n\n<p><br>La presidente del Copnaf, Clarisa Sack, se refiri\u00f3 a la convocatoria: &#8220;El cuidado de ni\u00f1as, ni\u00f1os y adolescentes es una tarea compartida. Las familias tienen un rol central, pero tambi\u00e9n los docentes, profesionales, referentes comunitarios y el Estado. Estos encuentros nos permiten encontrarnos, intercambiar experiencias y construir mejores respuestas frente a los desaf\u00edos cotidianos de la crianza&#8221;.<\/p>\n\n\n\n<p><br>La charla-taller estar\u00e1 a cargo de la licenciada en Psicolog\u00eda Luc\u00eda Franchi, especialista en educaci\u00f3n emocional, crianza respetuosa y bienestar. A partir de situaciones de la vida cotidiana, se trabajar\u00e1 sobre c\u00f3mo reconocer y acompa\u00f1ar emociones, abordar miedos y frustraciones, sostener l\u00edmites respetuosos y revisar tambi\u00e9n las propias respuestas de los adultos frente a momentos que pueden resultar dif\u00edciles.<\/p>\n\n\n\n<p>Emociones en Familia es una iniciativa gratuita de promoci\u00f3n de derechos y prevenci\u00f3n que el Copnaf impulsa para acercar estos temas a la comunidad y fortalecer a quienes acompa\u00f1an cotidianamente el crecimiento de ni\u00f1as, ni\u00f1os y adolescentes. El ciclo ya realiz\u00f3 encuentros en La Paz, Villa Paranacito y Concordia y tendr\u00e1 en Paran\u00e1 su \u00faltima jornada. La participaci\u00f3n es gratuita y requiere inscripci\u00f3n previa.<\/p>\n\n\n\n<p>Fuente : Gobierno de Entre R\u00edos<\/p>\n","protected":false},"excerpt":{"rendered":"<p>El Gobierno de Entre R\u00edos, a trav\u00e9s del Copnaf, realizar\u00e1 este martes un nuevo encuentro gratuito del ciclo. La charla-taller abordar\u00e1 emociones, l\u00edmites y respuestas adultas ante situaciones cotidianas, con herramientas para madres, padres, profesionales y referentes de cuidado \u00bfC\u00f3mo acompa\u00f1ar un enojo o una frustraci\u00f3n? \u00bfQu\u00e9 significa validar una emoci\u00f3n? \u00bfC\u00f3mo sostener un l\u00edmite [&hellip;]<\/p>\n","protected":false},"author":5,"featured_media":60291,"comment_status":"open","ping_status":"open","sticky":false,"template":"","format":"standard","meta":{"footnotes":""},"categories":[37],"tags":[],"_links":{"self":[{"href":"https:\/\/lt15concordia.com.ar\/index.php\/wp-json\/wp\/v2\/posts\/60287"}],"collection":[{"href":"https:\/\/lt15concordia.com.ar\/index.php\/wp-json\/wp\/v2\/posts"}],"about":[{"href":"https:\/\/lt15concordia.com.ar\/index.php\/wp-json\/wp\/v2\/types\/post"}],"author":[{"embeddable":true,"href":"https:\/\/lt15concordia.com.ar\/index.php\/wp-json\/wp\/v2\/users\/5"}],"replies":[{"embeddable":true,"href":"https:\/\/lt15concordia.com.ar\/index.php\/wp-json\/wp\/v2\/comments?post=60287"}],"version-history":[{"count":1,"href":"https:\/\/lt15concordia.com.ar\/index.php\/wp-json\/wp\/v2\/posts\/60287\/revisions"}],"predecessor-version":[{"id":60292,"href":"https:\/\/lt15concordia.com.ar\/index.php\/wp-json\/wp\/v2\/posts\/60287\/revisions\/60292"}],"wp:featuredmedia":[{"embeddable":true,"href":"https:\/\/lt15concordia.com.ar\/index.php\/wp-json\/wp\/v2\/media\/60291"}],"wp:attachment":[{"href":"https:\/\/lt15concordia.com.ar\/index.php\/wp-json\/wp\/v2\/media?parent=60287"}],"wp:term":[{"taxonomy":"category","embeddable":true,"href":"https:\/\/lt15concordia.com.ar\/index.php\/wp-json\/wp\/v2\/categories?post=60287"},{"taxonomy":"post_tag","embeddable":true,"href":"https:\/\/lt15concordia.com.ar\/index.php\/wp-json\/wp\/v2\/tags?post=60287"}],"curies":[{"name":"wp","href":"https:\/\/api.w.org\/{rel}","templated":true}]}}