{"id":60285,"date":"2026-08-31T16:10:27","date_gmt":"2026-08-31T19:10:27","guid":{"rendered":"https:\/\/lt15concordia.com.ar\/?p=60285"},"modified":"2026-08-31T16:11:37","modified_gmt":"2026-08-31T19:11:37","slug":"la-provincia-realizo-el-segundo-encuentro-de-la-red-de-problematicas-de-consumo","status":"publish","type":"post","link":"https:\/\/lt15concordia.com.ar\/index.php\/2026\/08\/31\/la-provincia-realizo-el-segundo-encuentro-de-la-red-de-problematicas-de-consumo\/","title":{"rendered":"La provincia realiz\u00f3 el segundo Encuentro de la Red de Problem\u00e1ticas de Consumo"},"content":{"rendered":"\n<p><strong>El Ministerio de Salud de Entre R\u00edos, a trav\u00e9s del Programa Provincial de Abordaje de Problem\u00e1ticas de Consumo, en articulaci\u00f3n con la Municipalidad de Crespo, llev\u00f3 adelante una instancia de trabajo y participaci\u00f3n que reuni\u00f3 a referentes de distintos puntos de la provincia<\/strong><\/p>\n\n\n\n<figure class=\"wp-block-image size-full\"><img loading=\"lazy\" decoding=\"async\" width=\"1920\" height=\"1280\" src=\"https:\/\/lt15concordia.com.ar\/wp-content\/uploads\/2026\/08\/DSC_0307-copia.jpg\" alt=\"\" class=\"wp-image-60289\" srcset=\"https:\/\/lt15concordia.com.ar\/wp-content\/uploads\/2026\/08\/DSC_0307-copia.jpg 1920w, https:\/\/lt15concordia.com.ar\/wp-content\/uploads\/2026\/08\/DSC_0307-copia-300x200.jpg 300w, https:\/\/lt15concordia.com.ar\/wp-content\/uploads\/2026\/08\/DSC_0307-copia-768x512.jpg 768w, https:\/\/lt15concordia.com.ar\/wp-content\/uploads\/2026\/08\/DSC_0307-copia-1536x1024.jpg 1536w, https:\/\/lt15concordia.com.ar\/wp-content\/uploads\/2026\/08\/DSC_0307-copia-630x420.jpg 630w, https:\/\/lt15concordia.com.ar\/wp-content\/uploads\/2026\/08\/DSC_0307-copia-696x464.jpg 696w, https:\/\/lt15concordia.com.ar\/wp-content\/uploads\/2026\/08\/DSC_0307-copia-1068x712.jpg 1068w\" sizes=\"(max-width: 1920px) 100vw, 1920px\" \/><\/figure>\n\n\n\n<p>El segundo Encuentro de la Red de Problem\u00e1ticas de Consumo, realizado en Crespo, tuvo como objetivo fortalecer y consolidar el trabajo en red, generando un espacio de intercambio, reflexi\u00f3n y construcci\u00f3n colectiva orientado a profundizar las estrategias territoriales para el abordaje integral de las problem\u00e1ticas de consumo, en el marco de las pol\u00edticas provinciales de salud mental.<\/p>\n\n\n\n<p>Participaron m\u00e1s de 170 referentes vinculados a hospitales y centros de salud de la red sanitaria provincial, comunidades terap\u00e9uticas, organizaciones de la sociedad civil y equipos profesionales de distintas disciplinas. Asimismo, estuvieron presentes autoridades locales, docentes universitarios y representantes de diferentes \u00e1reas y organismos del Estado provincial.<\/p>\n\n\n\n<p>Durante la jornada se desarrollaron mesas de trabajo de diferentes tem\u00e1ticas. All\u00ed se compartieron experiencias y realidades de los distintos dispositivos y localidades, se identificaron fortalezas y desaf\u00edos y se construyeron criterios y pautas comunes para fortalecer las respuestas frente a las problem\u00e1ticas de consumo en cada territorio.<\/p>\n\n\n\n<p>El encuentro permiti\u00f3, adem\u00e1s, reafirmar el compromiso del Estado provincial con un abordaje integral basado en una perspectiva de derechos y en el cumplimiento de los principios y lineamientos establecidos por la Ley Nacional de Salud Mental N\u00ba 26.657. En este sentido, se promovieron acciones interdisciplinarias, comunitarias e inclusivas orientadas a garantizar el respeto por la dignidad y la autonom\u00eda de las personas, fortalecer las redes de acompa\u00f1amiento y las respuestas territoriales, y prevenir pr\u00e1cticas que puedan profundizar situaciones de aislamiento o exclusi\u00f3n.<\/p>\n\n\n\n<p>La participaci\u00f3n de referentes de toda la provincia permiti\u00f3 poner en com\u00fan las particularidades y desaf\u00edos que atraviesan las distintas comunidades y, al mismo tiempo, consolidar una mirada provincial sobre una problem\u00e1tica compleja que requiere respuestas articuladas, sostenidas y cercanas a cada territorio.<\/p>\n\n\n\n<p>Con esta convocatoria, el Ministerio de Salud de Entre R\u00edos contin\u00faa fortaleciendo el trabajo articulado entre los distintos niveles de gobierno, los servicios y dispositivos de la red sanitaria, las instituciones, las organizaciones de la sociedad civil y la comunidad, con el prop\u00f3sito de construir respuestas efectivas frente a las problem\u00e1ticas de consumo.<\/p>\n\n\n\n<p>Cabe destacar que, desde el Programa Provincial de Abordaje de Problem\u00e1ticas de Consumo, bajo la coordinaci\u00f3n de Maximiliano Smith, el trabajo en red constituye una pol\u00edtica de gesti\u00f3n sostenida en el tiempo, orientada tanto a la prevenci\u00f3n como al abordaje integral de los consumos problem\u00e1ticos. En este marco, la Red de Problem\u00e1ticas de Consumo se consolida como un espacio provincial de articulaci\u00f3n y construcci\u00f3n colectiva, que permite fortalecer los v\u00ednculos entre los actores que intervienen en el territorio, compartir saberes y experiencias y avanzar en el desarrollo de pol\u00edticas p\u00fablicas integrales.<\/p>\n\n\n\n<p>Fuente: Gobierno de Entre R\u00edos<\/p>\n","protected":false},"excerpt":{"rendered":"<p>El Ministerio de Salud de Entre R\u00edos, a trav\u00e9s del Programa Provincial de Abordaje de Problem\u00e1ticas de Consumo, en articulaci\u00f3n con la Municipalidad de Crespo, llev\u00f3 adelante una instancia de trabajo y participaci\u00f3n que reuni\u00f3 a referentes de distintos puntos de la provincia El segundo Encuentro de la Red de Problem\u00e1ticas de Consumo, realizado en [&hellip;]<\/p>\n","protected":false},"author":5,"featured_media":60288,"comment_status":"open","ping_status":"open","sticky":false,"template":"","format":"standard","meta":{"footnotes":""},"categories":[37],"tags":[],"_links":{"self":[{"href":"https:\/\/lt15concordia.com.ar\/index.php\/wp-json\/wp\/v2\/posts\/60285"}],"collection":[{"href":"https:\/\/lt15concordia.com.ar\/index.php\/wp-json\/wp\/v2\/posts"}],"about":[{"href":"https:\/\/lt15concordia.com.ar\/index.php\/wp-json\/wp\/v2\/types\/post"}],"author":[{"embeddable":true,"href":"https:\/\/lt15concordia.com.ar\/index.php\/wp-json\/wp\/v2\/users\/5"}],"replies":[{"embeddable":true,"href":"https:\/\/lt15concordia.com.ar\/index.php\/wp-json\/wp\/v2\/comments?post=60285"}],"version-history":[{"count":1,"href":"https:\/\/lt15concordia.com.ar\/index.php\/wp-json\/wp\/v2\/posts\/60285\/revisions"}],"predecessor-version":[{"id":60290,"href":"https:\/\/lt15concordia.com.ar\/index.php\/wp-json\/wp\/v2\/posts\/60285\/revisions\/60290"}],"wp:featuredmedia":[{"embeddable":true,"href":"https:\/\/lt15concordia.com.ar\/index.php\/wp-json\/wp\/v2\/media\/60288"}],"wp:attachment":[{"href":"https:\/\/lt15concordia.com.ar\/index.php\/wp-json\/wp\/v2\/media?parent=60285"}],"wp:term":[{"taxonomy":"category","embeddable":true,"href":"https:\/\/lt15concordia.com.ar\/index.php\/wp-json\/wp\/v2\/categories?post=60285"},{"taxonomy":"post_tag","embeddable":true,"href":"https:\/\/lt15concordia.com.ar\/index.php\/wp-json\/wp\/v2\/tags?post=60285"}],"curies":[{"name":"wp","href":"https:\/\/api.w.org\/{rel}","templated":true}]}}