{"id":60274,"date":"2026-08-31T15:31:47","date_gmt":"2026-08-31T18:31:47","guid":{"rendered":"https:\/\/lt15concordia.com.ar\/?p=60274"},"modified":"2026-08-31T15:31:59","modified_gmt":"2026-08-31T18:31:59","slug":"entre-rios-entre-las-provincias-con-mas-suicidios-del-pais","status":"publish","type":"post","link":"https:\/\/lt15concordia.com.ar\/index.php\/2026\/08\/31\/entre-rios-entre-las-provincias-con-mas-suicidios-del-pais\/","title":{"rendered":"Entre R\u00edos, entre las provincias con m\u00e1s suicidios del pa\u00eds"},"content":{"rendered":"<p>Los n\u00fameros no mienten y esta vez duelen m\u00e1s de lo habitual. <strong>Argentina cerr\u00f3 2025 con 5.209 muertes por suicidio<\/strong>, una cifra r\u00e9cord que representa un <strong>aumento interanual del 22,6%<\/strong>. Y Entre R\u00edos no qued\u00f3 al margen: la provincia registr\u00f3 <strong>20,8 casos cada 100.000 habitantes<\/strong>, coloc\u00e1ndose entre las jurisdicciones con las tasas m\u00e1s elevadas del pa\u00eds.<\/p>\n<p>El dato es un golpe directo a la conciencia colectiva. No estamos hablando de una estad\u00edstica abstracta: detr\u00e1s de cada n\u00famero hay una familia, un barrio, una historia que se cort\u00f3. Que <strong>Entre R\u00edos<\/strong> figure en ese podio negativo obliga a preguntarse qu\u00e9 est\u00e1 pasando puertas adentro, en los hogares, en los consultorios, en los centros de salud mental de la provincia.<\/p>\n<p>El incremento del <strong>22,6% en un solo a\u00f1o<\/strong> es una se\u00f1al de alarma que no admite demoras. Los especialistas en salud mental vienen advirtiendo desde hace tiempo que la combinaci\u00f3n de crisis econ\u00f3mica, aislamiento social y d\u00e9ficit en el acceso a tratamientos forma un c\u00f3ctel peligroso. La pregunta que queda flotando es si los sistemas de salud provinciales y municipales tienen la capacidad real de responder a una demanda que claramente est\u00e1 creciendo.<\/p>\n<p>En <strong>Entre R\u00edos<\/strong>, como en el resto del pa\u00eds, la prevenci\u00f3n del suicidio sigue siendo una deuda pendiente. Los recursos destinados a salud mental son hist\u00f3ricamente insuficientes, y la brecha entre quienes necesitan ayuda y quienes efectivamente la reciben sigue siendo enorme. Hablar del tema, visibilizarlo y exigir pol\u00edticas concretas es el primer paso para que estos n\u00fameros dejen de crecer.<\/p>\n<p>Si vos o alguien cercano est\u00e1 atravesando una situaci\u00f3n de crisis, el <strong>Centro de Asistencia al Suicida<\/strong> atiende las <strong>24 horas<\/strong> al <strong>135<\/strong> (desde l\u00edneas fijas y celulares, sin costo).<\/p>\n<p><script type=\"application\/ld+json\">{\"@context\": \"https:\/\/schema.org\", \"@type\": \"NewsArticle\", \"headline\": \"Entre R\u00edos, entre las provincias con m\u00e1s suicidios del pa\u00eds\", \"description\": \"En 2025 Argentina registr\u00f3 5.209 muertes por suicidio, un 22,6% m\u00e1s que el a\u00f1o anterior. Entre R\u00edos marc\u00f3 20,8 casos cada 100.000 habitantes.\", \"datePublished\": \"2026-08-31T15:31:58-03:00\", \"dateModified\": \"2026-08-31T15:31:58-03:00\", \"inLanguage\": \"es-AR\", \"articleSection\": \"salud\", \"author\": {\"@type\": \"Organization\", \"name\": \"Redaccion LT15 Concordia\", \"url\": \"https:\/\/lt15concordia.com.ar\"}, \"publisher\": {\"@type\": \"Organization\", \"name\": \"LT15 Concordia\"}, \"mainEntityOfPage\": {\"@type\": \"WebPage\", \"@id\": \"https:\/\/lt15concordia.com.ar\/index.php\/2026\/08\/31\/entre-rios-entre-las-provincias-con-mas-suicidios-del-pais\/\"}, \"image\": [\"https:\/\/elonce-media.elonce.com\/fotos\/2025\/10\/21\/m_1761057318_19943.webp\"]}<\/script><\/p>\n","protected":false},"excerpt":{"rendered":"<p>En 2025 Argentina registr\u00f3 5.209 muertes por suicidio, un 22,6% m\u00e1s que el a\u00f1o anterior. Entre R\u00edos marc\u00f3 20,8 casos cada 100.000 habitantes.<\/p>\n","protected":false},"author":5,"featured_media":60273,"comment_status":"closed","ping_status":"closed","sticky":false,"template":"","format":"standard","meta":{"footnotes":""},"categories":[37],"tags":[63,4602,292,1256,3360],"_links":{"self":[{"href":"https:\/\/lt15concordia.com.ar\/index.php\/wp-json\/wp\/v2\/posts\/60274"}],"collection":[{"href":"https:\/\/lt15concordia.com.ar\/index.php\/wp-json\/wp\/v2\/posts"}],"about":[{"href":"https:\/\/lt15concordia.com.ar\/index.php\/wp-json\/wp\/v2\/types\/post"}],"author":[{"embeddable":true,"href":"https:\/\/lt15concordia.com.ar\/index.php\/wp-json\/wp\/v2\/users\/5"}],"replies":[{"embeddable":true,"href":"https:\/\/lt15concordia.com.ar\/index.php\/wp-json\/wp\/v2\/comments?post=60274"}],"version-history":[{"count":2,"href":"https:\/\/lt15concordia.com.ar\/index.php\/wp-json\/wp\/v2\/posts\/60274\/revisions"}],"predecessor-version":[{"id":60276,"href":"https:\/\/lt15concordia.com.ar\/index.php\/wp-json\/wp\/v2\/posts\/60274\/revisions\/60276"}],"wp:featuredmedia":[{"embeddable":true,"href":"https:\/\/lt15concordia.com.ar\/index.php\/wp-json\/wp\/v2\/media\/60273"}],"wp:attachment":[{"href":"https:\/\/lt15concordia.com.ar\/index.php\/wp-json\/wp\/v2\/media?parent=60274"}],"wp:term":[{"taxonomy":"category","embeddable":true,"href":"https:\/\/lt15concordia.com.ar\/index.php\/wp-json\/wp\/v2\/categories?post=60274"},{"taxonomy":"post_tag","embeddable":true,"href":"https:\/\/lt15concordia.com.ar\/index.php\/wp-json\/wp\/v2\/tags?post=60274"}],"curies":[{"name":"wp","href":"https:\/\/api.w.org\/{rel}","templated":true}]}}