{"id":60243,"date":"2026-08-31T12:32:24","date_gmt":"2026-08-31T15:32:24","guid":{"rendered":"https:\/\/lt15concordia.com.ar\/?p=60243"},"modified":"2026-08-31T12:32:34","modified_gmt":"2026-08-31T15:32:34","slug":"san-victor-35-millones-para-renovar-una-escuela-que-une-dos-niveles","status":"publish","type":"post","link":"https:\/\/lt15concordia.com.ar\/index.php\/2026\/08\/31\/san-victor-35-millones-para-renovar-una-escuela-que-une-dos-niveles\/","title":{"rendered":"San V\u00edctor: $35 millones para renovar una escuela que une dos niveles"},"content":{"rendered":"<p>Treinta y cinco millones de pesos y una escuela que volvi\u00f3 a respirar. En <strong>San V\u00edctor<\/strong>, una intervenci\u00f3n edilicia de envergadura permiti\u00f3 renovar distintos sectores del edificio que comparten la <strong>Escuela Primaria N\u00b0 14 Mart\u00edn Fierro<\/strong> y la <strong>Escuela Secundaria N\u00b0 1 Jos\u00e9 Hern\u00e1ndez<\/strong>, dos instituciones que conviven bajo el mismo techo y que ahora tienen un espacio m\u00e1s digno para trabajar.<\/p>\n<p>La obra alcanz\u00f3 aproximadamente <strong>1.000 metros cuadrados<\/strong> intervenidos y tiene un impacto directo sobre <strong>m\u00e1s de 100 estudiantes<\/strong> de distintos niveles educativos. No es un n\u00famero menor para una localidad donde cada peso invertido en infraestructura escolar se siente en el d\u00eda a d\u00eda de las aulas.<\/p>\n<p>Este tipo de intervenciones no son solo una cuesti\u00f3n de est\u00e9tica o mantenimiento: un edificio en condiciones adecuadas incide directamente en la calidad del aprendizaje, en la permanencia de los chicos en la escuela y en las condiciones laborales de los docentes. Cuando los techos gotean, cuando los ba\u00f1os no funcionan, cuando los pisos est\u00e1n rotos, la escuela pierde algo m\u00e1s que ladrillos.<\/p>\n<p>La renovaci\u00f3n en <strong>San V\u00edctor<\/strong> es una se\u00f1al concreta de que la infraestructura escolar puede mejorar cuando los recursos llegan y se ejecutan. El desaf\u00edo, como siempre, es que este tipo de obras no sean la excepci\u00f3n sino la regla en cada rinc\u00f3n de la provincia.<\/p>\n<p><script type=\"application\/ld+json\">{\"@context\": \"https:\/\/schema.org\", \"@type\": \"NewsArticle\", \"headline\": \"San V\u00edctor: $35 millones para renovar una escuela que une dos niveles\", \"description\": \"Una obra de $35 millones renov\u00f3 1.000 m\u00b2 del edificio compartido por la Primaria N\u00b014 y la Secundaria N\u00b01 de San V\u00edctor, beneficiando a m\u00e1s de 100 estudiantes.\", \"datePublished\": \"2026-08-31T12:32:34-03:00\", \"dateModified\": \"2026-08-31T12:32:34-03:00\", \"inLanguage\": \"es-AR\", \"articleSection\": \"educacion\", \"author\": {\"@type\": \"Organization\", \"name\": \"Redaccion LT15 Concordia\", \"url\": \"https:\/\/lt15concordia.com.ar\"}, \"publisher\": {\"@type\": \"Organization\", \"name\": \"LT15 Concordia\"}, \"mainEntityOfPage\": {\"@type\": \"WebPage\", \"@id\": \"https:\/\/lt15concordia.com.ar\/index.php\/2026\/08\/31\/san-victor-35-millones-para-renovar-una-escuela-que-une-dos-niveles\/\"}, \"image\": [\"https:\/\/elonce-media.elonce.com\/fotos\/2026\/08\/31\/m_1788188341_19529.webp\"]}<\/script><\/p>\n","protected":false},"excerpt":{"rendered":"<p>Una obra de $35 millones renov\u00f3 1.000 m\u00b2 del edificio compartido por la Primaria N\u00b014 y la Secundaria N\u00b01 de San V\u00edctor, beneficiando a m\u00e1s de 100 estudiantes.<\/p>\n","protected":false},"author":5,"featured_media":60242,"comment_status":"closed","ping_status":"closed","sticky":false,"template":"","format":"standard","meta":{"footnotes":""},"categories":[37],"tags":[76,63,2457,153,4596],"_links":{"self":[{"href":"https:\/\/lt15concordia.com.ar\/index.php\/wp-json\/wp\/v2\/posts\/60243"}],"collection":[{"href":"https:\/\/lt15concordia.com.ar\/index.php\/wp-json\/wp\/v2\/posts"}],"about":[{"href":"https:\/\/lt15concordia.com.ar\/index.php\/wp-json\/wp\/v2\/types\/post"}],"author":[{"embeddable":true,"href":"https:\/\/lt15concordia.com.ar\/index.php\/wp-json\/wp\/v2\/users\/5"}],"replies":[{"embeddable":true,"href":"https:\/\/lt15concordia.com.ar\/index.php\/wp-json\/wp\/v2\/comments?post=60243"}],"version-history":[{"count":2,"href":"https:\/\/lt15concordia.com.ar\/index.php\/wp-json\/wp\/v2\/posts\/60243\/revisions"}],"predecessor-version":[{"id":60245,"href":"https:\/\/lt15concordia.com.ar\/index.php\/wp-json\/wp\/v2\/posts\/60243\/revisions\/60245"}],"wp:featuredmedia":[{"embeddable":true,"href":"https:\/\/lt15concordia.com.ar\/index.php\/wp-json\/wp\/v2\/media\/60242"}],"wp:attachment":[{"href":"https:\/\/lt15concordia.com.ar\/index.php\/wp-json\/wp\/v2\/media?parent=60243"}],"wp:term":[{"taxonomy":"category","embeddable":true,"href":"https:\/\/lt15concordia.com.ar\/index.php\/wp-json\/wp\/v2\/categories?post=60243"},{"taxonomy":"post_tag","embeddable":true,"href":"https:\/\/lt15concordia.com.ar\/index.php\/wp-json\/wp\/v2\/tags?post=60243"}],"curies":[{"name":"wp","href":"https:\/\/api.w.org\/{rel}","templated":true}]}}