{"id":60235,"date":"2026-08-31T12:30:54","date_gmt":"2026-08-31T15:30:54","guid":{"rendered":"https:\/\/lt15concordia.com.ar\/?p=60235"},"modified":"2026-08-31T12:31:06","modified_gmt":"2026-08-31T15:31:06","slug":"entre-rios-deroga-las-pensiones-vitalicias-para-gobernadores","status":"publish","type":"post","link":"https:\/\/lt15concordia.com.ar\/index.php\/2026\/08\/31\/entre-rios-deroga-las-pensiones-vitalicias-para-gobernadores\/","title":{"rendered":"Entre R\u00edos deroga las pensiones vitalicias para gobernadores"},"content":{"rendered":"<p>Seis d\u00e9cadas de privilegio a punto de terminar. <strong>La C\u00e1mara de Diputados de Entre R\u00edos<\/strong> tiene previsto tratar este <strong>mi\u00e9rcoles<\/strong> la derogaci\u00f3n de la <strong>Ley N\u00ba 4.506<\/strong>, una norma que desde <strong>1965<\/strong> garantiza una pensi\u00f3n vitalicia equivalente al <strong>75 por ciento<\/strong> de la remuneraci\u00f3n del cargo para quienes hayan ejercido la Gobernaci\u00f3n y la Vicegobernaci\u00f3n provincial.<\/p>\n<p>La iniciativa fue enviada por el <strong>Poder Ejecutivo de Rogelio Frigerio<\/strong> en <strong>enero de 2024<\/strong>, enmarcada en una serie de proyectos vinculados con la transparencia, la \u00e9tica p\u00fablica y la eliminaci\u00f3n de reg\u00edmenes especiales para la dirigencia pol\u00edtica. El argumento central del Ejecutivo fue directo: las razones hist\u00f3ricas que justificaron ese beneficio quedaron desactualizadas y su permanencia entra en tensi\u00f3n con los principios actuales de igualdad y \u00e9tica p\u00fablica.<\/p>\n<p>El recorrido legislativo fue m\u00e1s largo de lo previsto. <strong>Diputados dio media sanci\u00f3n en abril de 2024<\/strong>, pero el debate se extendi\u00f3 en el Senado, donde el punto de conflicto fue qu\u00e9 ocurr\u00eda con los beneficios ya concedidos. La C\u00e1mara alta opt\u00f3 por eliminar el art\u00edculo referido a las causales de caducidad, de modo que la reforma opera hacia adelante: no toca derechos ya reconocidos, pero cierra la puerta para quienes vengan despu\u00e9s. Con esas modificaciones, el proyecto volvi\u00f3 a Diputados para su aprobaci\u00f3n definitiva.<\/p>\n<p>La dimensi\u00f3n pol\u00edtica del asunto no es menor. <strong>Frigerio y la vicegobernadora Alicia Aluani<\/strong> ser\u00e1n los primeros en verse alcanzados por la eliminaci\u00f3n del r\u00e9gimen: ellos mismos promovieron una ley que les quitar\u00e1 la posibilidad de acceder al beneficio al terminar sus mandatos. El gobernador hab\u00eda sido expl\u00edcito al vincular esta decisi\u00f3n con la situaci\u00f3n deficitaria de la <strong>Caja de Jubilaciones entrerriana<\/strong>, sosteniendo que la dirigencia pol\u00edtica deb\u00eda dar una se\u00f1al antes de avanzar sobre reformas m\u00e1s amplias del sistema previsional.<\/p>\n<p>No se trata de un impacto econ\u00f3mico descomunal \u2014son dos futuras pensiones\u2014 pero el peso institucional es considerable. Un r\u00e9gimen que sobrevivi\u00f3 seis d\u00e9cadas, gobiernos de distintos signos y m\u00faltiples debates sobre el gasto p\u00fablico est\u00e1 a punto de ser eliminado por quienes podr\u00edan haberse beneficiado de \u00e9l. Con la sanci\u00f3n definitiva prevista para este mi\u00e9rcoles, <strong>Entre R\u00edos<\/strong> establecer\u00e1 una frontera clara: quienes ocupen la Gobernaci\u00f3n y la Vicegobernaci\u00f3n a partir de ahora no tendr\u00e1n acceso a ese r\u00e9gimen especial.<\/p>\n<p><script type=\"application\/ld+json\">{\"@context\": \"https:\/\/schema.org\", \"@type\": \"NewsArticle\", \"headline\": \"Entre R\u00edos deroga las pensiones vitalicias para gobernadores\", \"description\": \"El mi\u00e9rcoles, Diputados de Entre R\u00edos votar\u00e1 la derogaci\u00f3n de una ley de 1965 que otorgaba pensi\u00f3n vitalicia a gobernadores y vicegobernadores.\", \"datePublished\": \"2026-08-31T12:31:05-03:00\", \"dateModified\": \"2026-08-31T12:31:05-03:00\", \"inLanguage\": \"es-AR\", \"articleSection\": \"politica\", \"author\": {\"@type\": \"Organization\", \"name\": \"Redaccion LT15 Concordia\", \"url\": \"https:\/\/lt15concordia.com.ar\"}, \"publisher\": {\"@type\": \"Organization\", \"name\": \"LT15 Concordia\"}, \"mainEntityOfPage\": {\"@type\": \"WebPage\", \"@id\": \"https:\/\/lt15concordia.com.ar\/index.php\/2026\/08\/31\/entre-rios-deroga-las-pensiones-vitalicias-para-gobernadores\/\"}, \"image\": [\"https:\/\/www.diariojunio.com.ar\/wp-content\/uploads\/2026\/08\/frigerio-aluani.jpg\"]}<\/script><\/p>\n","protected":false},"excerpt":{"rendered":"<p>El mi\u00e9rcoles, Diputados de Entre R\u00edos votar\u00e1 la derogaci\u00f3n de una ley de 1965 que otorgaba pensi\u00f3n vitalicia a gobernadores y vicegobernadores.<\/p>\n","protected":false},"author":5,"featured_media":60234,"comment_status":"closed","ping_status":"closed","sticky":false,"template":"","format":"standard","meta":{"footnotes":""},"categories":[37],"tags":[4593,63,837,2981,2201,2176],"_links":{"self":[{"href":"https:\/\/lt15concordia.com.ar\/index.php\/wp-json\/wp\/v2\/posts\/60235"}],"collection":[{"href":"https:\/\/lt15concordia.com.ar\/index.php\/wp-json\/wp\/v2\/posts"}],"about":[{"href":"https:\/\/lt15concordia.com.ar\/index.php\/wp-json\/wp\/v2\/types\/post"}],"author":[{"embeddable":true,"href":"https:\/\/lt15concordia.com.ar\/index.php\/wp-json\/wp\/v2\/users\/5"}],"replies":[{"embeddable":true,"href":"https:\/\/lt15concordia.com.ar\/index.php\/wp-json\/wp\/v2\/comments?post=60235"}],"version-history":[{"count":2,"href":"https:\/\/lt15concordia.com.ar\/index.php\/wp-json\/wp\/v2\/posts\/60235\/revisions"}],"predecessor-version":[{"id":60237,"href":"https:\/\/lt15concordia.com.ar\/index.php\/wp-json\/wp\/v2\/posts\/60235\/revisions\/60237"}],"wp:featuredmedia":[{"embeddable":true,"href":"https:\/\/lt15concordia.com.ar\/index.php\/wp-json\/wp\/v2\/media\/60234"}],"wp:attachment":[{"href":"https:\/\/lt15concordia.com.ar\/index.php\/wp-json\/wp\/v2\/media?parent=60235"}],"wp:term":[{"taxonomy":"category","embeddable":true,"href":"https:\/\/lt15concordia.com.ar\/index.php\/wp-json\/wp\/v2\/categories?post=60235"},{"taxonomy":"post_tag","embeddable":true,"href":"https:\/\/lt15concordia.com.ar\/index.php\/wp-json\/wp\/v2\/tags?post=60235"}],"curies":[{"name":"wp","href":"https:\/\/api.w.org\/{rel}","templated":true}]}}