{"id":60231,"date":"2026-08-31T11:32:10","date_gmt":"2026-08-31T14:32:10","guid":{"rendered":"https:\/\/lt15concordia.com.ar\/?p=60231"},"modified":"2026-08-31T11:32:21","modified_gmt":"2026-08-31T14:32:21","slug":"colombatto-la-ley-de-ecocidio-no-puede-criminalizar-la-produccion","status":"publish","type":"post","link":"https:\/\/lt15concordia.com.ar\/index.php\/2026\/08\/31\/colombatto-la-ley-de-ecocidio-no-puede-criminalizar-la-produccion\/","title":{"rendered":"Colombatto: &#8220;La ley de ecocidio no puede criminalizar la producci\u00f3n&#8221;"},"content":{"rendered":"<p>La <strong>Expo Rural de Col\u00f3n<\/strong> fue el escenario elegido por <strong>Jos\u00e9 Colombatto<\/strong>, vicepresidente de <strong>Confederaciones Rurales Argentinas (CRA)<\/strong>, para disparar con todo contra el proyecto de <strong>ley de ecocidio<\/strong> que se debate en el Senado. El mensaje fue directo: una norma mal redactada puede convertirse en un garrote legal contra el mismo sector que alimenta al pa\u00eds.<\/p>\n<p><strong>&#8220;El proyecto de ecocidio no puede convertirse en una herramienta para criminalizar la producci\u00f3n&#8221;<\/strong>, afirm\u00f3 Colombatto ante productores y referentes del agro. El dirigente apunt\u00f3 que la iniciativa incorpora figuras penales amplias y ambiguas que generan inseguridad jur\u00eddica, poniendo bajo sospecha a quienes trabajan la tierra todos los d\u00edas. <strong>&#8220;No necesitamos leyes que pongan bajo sospecha al que produce; necesitamos reglas claras, responsabilidad, controles efectivos y di\u00e1logo&#8221;<\/strong>, remarc\u00f3.<\/p>\n<p>El argumento central de CRA no es negar la protecci\u00f3n ambiental, sino exigir que esa protecci\u00f3n no se construya sobre normas imprecisas. <strong>Colombatto subray\u00f3 que los productores agropecuarios son los primeros interesados en preservar los recursos naturales<\/strong>, dado que de ellos depende la continuidad de su propia actividad. &#8220;Proteger el ambiente es un objetivo compartido, pero no puede hacerse afectando la libertad de producir y de invertir&#8221;, sostuvo.<\/p>\n<p>M\u00e1s all\u00e1 del eje ambiental, el discurso abarc\u00f3 una agenda amplia. Colombatto reclam\u00f3 un <strong>SENASA fortalecido<\/strong> con mayor presencia territorial, advirtiendo que &#8220;la sanidad no se garantiza con m\u00e1s resoluciones, sino con un Estado presente en el territorio&#8221;. Tambi\u00e9n defendi\u00f3 el rol del <strong>IPCVA<\/strong> como herramienta para abrir mercados internacionales y mejorar el valor de la hacienda, y respald\u00f3 la incorporaci\u00f3n de la figura del <strong>vandalismo rural<\/strong> en la legislaci\u00f3n argentina, para dar respuesta legal espec\u00edfica a los ataques contra instalaciones, alambrados, silos y corrales.<\/p>\n<p>En materia econ\u00f3mica, el vicepresidente de CRA volvi\u00f3 a levantar una bandera hist\u00f3rica del sector: la <strong>eliminaci\u00f3n de los derechos de exportaci\u00f3n<\/strong>. <strong>&#8220;El campo necesita producir, invertir y generar empleo, no seguir financiando al Estado con un impuesto que desalienta la producci\u00f3n y reduce la competitividad&#8221;<\/strong>, afirm\u00f3, reclamando reglas previsibles que incentiven la inversi\u00f3n en gen\u00e9tica, tecnolog\u00eda e infraestructura.<\/p>\n<p>Colombatto cerr\u00f3 su intervenci\u00f3n reivindicando el gremialismo rural como presencia permanente, no solo de emergencia. <strong>&#8220;El gremialismo no aparece solamente cuando hay un problema. Est\u00e1 los 365 d\u00edas del a\u00f1o acompa\u00f1ando al productor&#8221;<\/strong>, dijo, y convoc\u00f3 a cada productor a participar activamente en su sociedad rural. La <strong>Sociedad Rural de Col\u00f3n<\/strong> recibi\u00f3 adem\u00e1s el reconocimiento del dirigente por una nueva edici\u00f3n de la exposici\u00f3n.<\/p>\n<p><script type=\"application\/ld+json\">{\"@context\": \"https:\/\/schema.org\", \"@type\": \"NewsArticle\", \"headline\": \"Colombatto: \\\"La ley de ecocidio no puede criminalizar la producci\u00f3n\\\"\", \"description\": \"El vicepresidente de CRA advirti\u00f3 en la Expo Rural de Col\u00f3n que el proyecto de ecocidio genera inseguridad jur\u00eddica y amenaza la actividad agropecuaria.\", \"datePublished\": \"2026-08-31T11:32:21-03:00\", \"dateModified\": \"2026-08-31T11:32:21-03:00\", \"inLanguage\": \"es-AR\", \"articleSection\": \"economia\", \"author\": {\"@type\": \"Organization\", \"name\": \"Redaccion LT15 Concordia\", \"url\": \"https:\/\/lt15concordia.com.ar\"}, \"publisher\": {\"@type\": \"Organization\", \"name\": \"LT15 Concordia\"}, \"mainEntityOfPage\": {\"@type\": \"WebPage\", \"@id\": \"https:\/\/lt15concordia.com.ar\/index.php\/2026\/08\/31\/colombatto-la-ley-de-ecocidio-no-puede-criminalizar-la-produccion\/\"}, \"image\": [\"https:\/\/dosflorines.com.ar\/wp-content\/uploads\/2026\/08\/jose-colombatto.webp\"]}<\/script><\/p>\n","protected":false},"excerpt":{"rendered":"<p>El vicepresidente de CRA advirti\u00f3 en la Expo Rural de Col\u00f3n que el proyecto de ecocidio genera inseguridad jur\u00eddica y amenaza la actividad agropecuaria.<\/p>\n","protected":false},"author":5,"featured_media":60230,"comment_status":"closed","ping_status":"closed","sticky":false,"template":"","format":"standard","meta":{"footnotes":""},"categories":[89],"tags":[657,461,4592,4590,4591,3030],"_links":{"self":[{"href":"https:\/\/lt15concordia.com.ar\/index.php\/wp-json\/wp\/v2\/posts\/60231"}],"collection":[{"href":"https:\/\/lt15concordia.com.ar\/index.php\/wp-json\/wp\/v2\/posts"}],"about":[{"href":"https:\/\/lt15concordia.com.ar\/index.php\/wp-json\/wp\/v2\/types\/post"}],"author":[{"embeddable":true,"href":"https:\/\/lt15concordia.com.ar\/index.php\/wp-json\/wp\/v2\/users\/5"}],"replies":[{"embeddable":true,"href":"https:\/\/lt15concordia.com.ar\/index.php\/wp-json\/wp\/v2\/comments?post=60231"}],"version-history":[{"count":2,"href":"https:\/\/lt15concordia.com.ar\/index.php\/wp-json\/wp\/v2\/posts\/60231\/revisions"}],"predecessor-version":[{"id":60233,"href":"https:\/\/lt15concordia.com.ar\/index.php\/wp-json\/wp\/v2\/posts\/60231\/revisions\/60233"}],"wp:featuredmedia":[{"embeddable":true,"href":"https:\/\/lt15concordia.com.ar\/index.php\/wp-json\/wp\/v2\/media\/60230"}],"wp:attachment":[{"href":"https:\/\/lt15concordia.com.ar\/index.php\/wp-json\/wp\/v2\/media?parent=60231"}],"wp:term":[{"taxonomy":"category","embeddable":true,"href":"https:\/\/lt15concordia.com.ar\/index.php\/wp-json\/wp\/v2\/categories?post=60231"},{"taxonomy":"post_tag","embeddable":true,"href":"https:\/\/lt15concordia.com.ar\/index.php\/wp-json\/wp\/v2\/tags?post=60231"}],"curies":[{"name":"wp","href":"https:\/\/api.w.org\/{rel}","templated":true}]}}