{"id":60227,"date":"2026-08-31T11:31:19","date_gmt":"2026-08-31T14:31:19","guid":{"rendered":"https:\/\/lt15concordia.com.ar\/?p=60227"},"modified":"2026-08-31T11:31:29","modified_gmt":"2026-08-31T14:31:29","slug":"concordia-recibe-el-iii-congreso-pedagogico-ia-bullying-y-emociones-en-foco","status":"publish","type":"post","link":"https:\/\/lt15concordia.com.ar\/index.php\/2026\/08\/31\/concordia-recibe-el-iii-congreso-pedagogico-ia-bullying-y-emociones-en-foco\/","title":{"rendered":"Concordia recibe el III Congreso Pedag\u00f3gico: IA, bullying y emociones en foco"},"content":{"rendered":"<p>La educaci\u00f3n no es lo que era, y los docentes lo saben mejor que nadie. Para pensar esos cambios en voz alta y con herramientas concretas, <strong>Concordia<\/strong> se prepara para recibir la <strong>tercera edici\u00f3n del Congreso Pedag\u00f3gico<\/strong>, bajo el lema <strong>\u00abNuevas escenas para educar\u00bb<\/strong>.<\/p>\n<p>La propuesta est\u00e1 dirigida a <strong>docentes de todos los niveles<\/strong>, equipos directivos, supervisores, estudiantes de formaci\u00f3n docente y equipos t\u00e9cnicos de organismos jurisdiccionales y municipales. El objetivo es claro: generar un espacio de <strong>actualizaci\u00f3n y reflexi\u00f3n<\/strong> sobre las transformaciones que atraviesa hoy la educaci\u00f3n, sin eufemismos y sin mirar para otro lado.<\/p>\n<p>Los tres grandes ejes del congreso ser\u00e1n <strong>los v\u00ednculos, las emociones y las tecnolog\u00edas<\/strong>. Desde el impacto de las pantallas en el aprendizaje hasta la incorporaci\u00f3n de la <strong>Inteligencia Artificial en el aula<\/strong>, pasando por los juegos online y la ludopat\u00eda, el bienestar emocional de los docentes, el bullying y la comunicaci\u00f3n corporal: un programa que no esquiva ninguna de las tensiones que hoy sacuden a las instituciones educativas.<\/p>\n<p>La jornada arrancar\u00e1 por la ma\u00f1ana con <strong>Carlos Sigvardt<\/strong>, licenciado en Educaci\u00f3n, quien abrir\u00e1 el ciclo con la conferencia <em>\u00abDe la pantalla al coraz\u00f3n: desaf\u00edos actuales en las trayectorias y los aprendizajes de los estudiantes\u00bb<\/em>. Le seguir\u00e1 <strong>Lorena Guglielmone<\/strong>, doctora en Educaci\u00f3n por la <strong>Universidad Nacional de Entre R\u00edos<\/strong>, con una mirada profunda sobre la Inteligencia Artificial en el aula. Cerrar\u00e1 el turno ma\u00f1ana <strong>Roberto Canay<\/strong>, doctor en Psicolog\u00eda, con una exposici\u00f3n sobre juegos online y ludopat\u00eda como problem\u00e1tica emergente que ya toca las puertas de las escuelas.<\/p>\n<p>Por la tarde, <strong>Luciana Turinetto<\/strong>, licenciada en Psicolog\u00eda, pondr\u00e1 el foco en el bienestar emocional docente, esa dimensi\u00f3n que suele quedar afuera del debate pero que define, en buena medida, la calidad del v\u00ednculo pedag\u00f3gico. Despu\u00e9s llegar\u00e1 el turno de <strong>Pablo Mainer<\/strong>, fundador de Hablemos de Bullying y referente de la <strong>Alianza Anti-Bullying Argentina<\/strong>, para hablar de convivencia escolar sin rodeos. El cierre estar\u00e1 a cargo de <strong>Ivana P\u00e9rez<\/strong>, licenciada en Kinesiolog\u00eda y coach en salud, con una conferencia sobre lo que el cuerpo comunica m\u00e1s all\u00e1 de las palabras.<\/p>\n<p>Desde la <strong>Subsecretar\u00eda de Educaci\u00f3n y Cultura<\/strong> de la Municipalidad de Concordia destacaron que el congreso busca \u00abrecuperar el valor de los v\u00ednculos, las emociones y el encuentro humano\u00bb como parte de una apuesta por fortalecer la formaci\u00f3n docente desde adentro del sistema. Las inscripciones se realizan de manera online y toda la informaci\u00f3n del evento est\u00e1 disponible a trav\u00e9s de los canales oficiales municipales.<\/p>\n<p><script type=\"application\/ld+json\">{\"@context\": \"https:\/\/schema.org\", \"@type\": \"NewsArticle\", \"headline\": \"Concordia recibe el III Congreso Pedag\u00f3gico: IA, bullying y emociones en foco\", \"description\": \"El encuentro reunir\u00e1 a docentes, directivos y especialistas para debatir los grandes desaf\u00edos de la educaci\u00f3n contempor\u00e1nea.\", \"datePublished\": \"2026-08-31T11:31:28-03:00\", \"dateModified\": \"2026-08-31T11:31:28-03:00\", \"inLanguage\": \"es-AR\", \"articleSection\": \"educacion\", \"author\": {\"@type\": \"Organization\", \"name\": \"Redaccion LT15 Concordia\", \"url\": \"https:\/\/lt15concordia.com.ar\"}, \"publisher\": {\"@type\": \"Organization\", \"name\": \"LT15 Concordia\"}, \"mainEntityOfPage\": {\"@type\": \"WebPage\", \"@id\": \"https:\/\/lt15concordia.com.ar\/index.php\/2026\/08\/31\/concordia-recibe-el-iii-congreso-pedagogico-ia-bullying-y-emociones-en-foco\/\"}, \"image\": [\"https:\/\/www.diariojunio.com.ar\/wp-content\/uploads\/2026\/08\/Congreso-PEDAGOGICO-III.jpg\"]}<\/script><\/p>\n","protected":false},"excerpt":{"rendered":"<p>El encuentro reunir\u00e1 a docentes, directivos y especialistas para debatir los grandes desaf\u00edos de la educaci\u00f3n contempor\u00e1nea.<\/p>\n","protected":false},"author":5,"featured_media":60226,"comment_status":"closed","ping_status":"closed","sticky":false,"template":"","format":"standard","meta":{"footnotes":""},"categories":[30],"tags":[4589,41,4588,268,76,439],"_links":{"self":[{"href":"https:\/\/lt15concordia.com.ar\/index.php\/wp-json\/wp\/v2\/posts\/60227"}],"collection":[{"href":"https:\/\/lt15concordia.com.ar\/index.php\/wp-json\/wp\/v2\/posts"}],"about":[{"href":"https:\/\/lt15concordia.com.ar\/index.php\/wp-json\/wp\/v2\/types\/post"}],"author":[{"embeddable":true,"href":"https:\/\/lt15concordia.com.ar\/index.php\/wp-json\/wp\/v2\/users\/5"}],"replies":[{"embeddable":true,"href":"https:\/\/lt15concordia.com.ar\/index.php\/wp-json\/wp\/v2\/comments?post=60227"}],"version-history":[{"count":2,"href":"https:\/\/lt15concordia.com.ar\/index.php\/wp-json\/wp\/v2\/posts\/60227\/revisions"}],"predecessor-version":[{"id":60229,"href":"https:\/\/lt15concordia.com.ar\/index.php\/wp-json\/wp\/v2\/posts\/60227\/revisions\/60229"}],"wp:featuredmedia":[{"embeddable":true,"href":"https:\/\/lt15concordia.com.ar\/index.php\/wp-json\/wp\/v2\/media\/60226"}],"wp:attachment":[{"href":"https:\/\/lt15concordia.com.ar\/index.php\/wp-json\/wp\/v2\/media?parent=60227"}],"wp:term":[{"taxonomy":"category","embeddable":true,"href":"https:\/\/lt15concordia.com.ar\/index.php\/wp-json\/wp\/v2\/categories?post=60227"},{"taxonomy":"post_tag","embeddable":true,"href":"https:\/\/lt15concordia.com.ar\/index.php\/wp-json\/wp\/v2\/tags?post=60227"}],"curies":[{"name":"wp","href":"https:\/\/api.w.org\/{rel}","templated":true}]}}