{"id":60223,"date":"2026-08-31T10:31:51","date_gmt":"2026-08-31T13:31:51","guid":{"rendered":"https:\/\/lt15concordia.com.ar\/?p=60223"},"modified":"2026-08-31T10:32:02","modified_gmt":"2026-08-31T13:32:02","slug":"granja-tres-arroyos-para-otra-planta-y-crece-el-miedo-al-cierre-total","status":"publish","type":"post","link":"https:\/\/lt15concordia.com.ar\/index.php\/2026\/08\/31\/granja-tres-arroyos-para-otra-planta-y-crece-el-miedo-al-cierre-total\/","title":{"rendered":"Granja Tres Arroyos para otra planta y crece el miedo al cierre total"},"content":{"rendered":"<p>Las m\u00e1quinas ya no est\u00e1n. Las oficinas, vaciadas. Y los trabajadores, afuera. <strong>Granja Tres Arroyos<\/strong> suspendi\u00f3 <strong>\u00abhasta nuevo aviso\u00bb<\/strong> la actividad de su planta industrial en <strong>Capit\u00e1n Sarmiento<\/strong>, provincia de Buenos Aires, y el panorama que dej\u00f3 atr\u00e1s no deja mucho lugar para el optimismo.<\/p>\n<p>La empresa notific\u00f3 formalmente el cese productivo a partir del <strong>31 de agosto de 2026<\/strong>, argumentando <strong>\u00abfalta de suministro el\u00e9ctrico y otras cuestiones operativas y productivas derivadas de circunstancias de fuerza mayor\u00bb<\/strong>. Los empleados recibieron la instrucci\u00f3n de no presentarse a trabajar salvo convocatoria expresa de un supervisor. Pero lo que encontraron al enterarse fue peor que el silencio: fuentes vinculadas a la situaci\u00f3n de la compa\u00f1\u00eda confirmaron que los equipos concesionados \u2014zorras, m\u00e1quinas para armado de cajas, maquinaria diversa\u2014 fueron retirados del establecimiento. Integrantes del directorio tambi\u00e9n habr\u00edan vaciado sus oficinas y dep\u00f3sitos. <strong>\u00abNo qued\u00f3 nada\u00bb<\/strong>, resumi\u00f3 una fuente consultada.<\/p>\n<p>La pregunta que nadie quiere responder en voz alta es si esto es una pausa o un cierre encubierto. Y la historia reciente de la empresa no ayuda a calmar los \u00e1nimos.<\/p>\n<p>La crisis de <strong>Granja Tres Arroyos<\/strong> arranc\u00f3 a profundizarse en <strong>diciembre de 2024<\/strong>, cuando la compa\u00f1\u00eda solicit\u00f3 ante la Secretar\u00eda de Trabajo de la Naci\u00f3n la apertura de un <strong>Procedimiento Preventivo de Crisis<\/strong>. Desde entonces, el mapa de da\u00f1os no par\u00f3 de crecer. La planta de <strong>Trist\u00e1n Su\u00e1rez<\/strong> cerr\u00f3 y dej\u00f3 afuera a <strong>200 trabajadores<\/strong> sobre una dotaci\u00f3n de 270. La planta <strong>Becar<\/strong>, en <strong>Concepci\u00f3n del Uruguay<\/strong>, anunci\u00f3 su cierre definitivo, y sus <strong>270 empleados<\/strong> fueron trasladados a la planta La China, que permanece cerrada desde fines de mayo. En <strong>julio<\/strong>, la planta <strong>Avex de R\u00edo Cuarto<\/strong>, C\u00f3rdoba, fren\u00f3 producci\u00f3n bajo el r\u00f3tulo de \u00abparada programada de dos semanas\u00bb que se extendi\u00f3 durante todo agosto, con <strong>350 trabajadores<\/strong> en el limbo. En <strong>Pilar<\/strong>, la planta Pinazo suspendi\u00f3 a todo su personal. Y en las plantas Wade I y Wade II del conurbano bonaerense, las paralizaciones y conflictos salariales se convirtieron en moneda corriente.<\/p>\n<p>El golpe m\u00e1s duro en Entre R\u00edos lleg\u00f3 a mediados de agosto: <strong>250 trabajadores<\/strong> fueron despedidos de la planta de <strong>Concepci\u00f3n del Uruguay<\/strong>, sobre una dotaci\u00f3n de unos <strong>900 empleados<\/strong>. Los telegramas de despido invocaron \u00abgrave disminuci\u00f3n de trabajo no imputable a la empleadora\u00bb. La <strong>Federaci\u00f3n de Trabajadores de Industrias de la Alimentaci\u00f3n (FTIA)<\/strong> cuestion\u00f3 duramente los despidos y denunci\u00f3 que los empleados acumulaban <strong>m\u00e1s de cinco quincenas de salarios adeudados<\/strong>.<\/p>\n<p>En el plano financiero, la empresa negoci\u00f3 con sus acreedores la reestructuraci\u00f3n de una deuda de <strong>USD 350,9 millones<\/strong>, con quitas de hasta el <strong>75% del capital<\/strong>, plazos de pago de hasta siete a\u00f1os y la venta de al menos cinco activos considerados no estrat\u00e9gicos. A comienzos de 2026, la planta Avex de R\u00edo Cuarto fue vendida a la <strong>Asociaci\u00f3n de Cooperativas Argentinas (ACA)<\/strong> como parte de esa estrategia de liquidez.<\/p>\n<p>Lo que queda en pie es un gigante av\u00edcola que se desmorona planta por planta, con miles de familias que esperan respuestas y cobros que no llegan. La suspensi\u00f3n de Capit\u00e1n Sarmiento es un eslab\u00f3n m\u00e1s de una cadena que, a este ritmo, amenaza con no tener fin.<\/p>\n<p><script type=\"application\/ld+json\">{\"@context\": \"https:\/\/schema.org\", \"@type\": \"NewsArticle\", \"headline\": \"Granja Tres Arroyos para otra planta y crece el miedo al cierre total\", \"description\": \"La av\u00edcola suspendi\u00f3 actividades en Capit\u00e1n Sarmiento 'hasta nuevo aviso'. La crisis ya afecta plantas en Entre R\u00edos, C\u00f3rdoba y Buenos Aires.\", \"datePublished\": \"2026-08-31T10:32:02-03:00\", \"dateModified\": \"2026-08-31T10:32:02-03:00\", \"inLanguage\": \"es-AR\", \"articleSection\": \"economia\", \"author\": {\"@type\": \"Organization\", \"name\": \"Redaccion LT15 Concordia\", \"url\": \"https:\/\/lt15concordia.com.ar\"}, \"publisher\": {\"@type\": \"Organization\", \"name\": \"LT15 Concordia\"}, \"mainEntityOfPage\": {\"@type\": \"WebPage\", \"@id\": \"https:\/\/lt15concordia.com.ar\/index.php\/2026\/08\/31\/granja-tres-arroyos-para-otra-planta-y-crece-el-miedo-al-cierre-total\/\"}, \"image\": [\"https:\/\/dosflorines.com.ar\/wp-content\/uploads\/2025\/09\/pollos-faena-avicola.jpg\"]}<\/script><\/p>\n","protected":false},"excerpt":{"rendered":"<p>La av\u00edcola suspendi\u00f3 actividades en Capit\u00e1n Sarmiento &#8216;hasta nuevo aviso&#8217;. La crisis ya afecta plantas en Entre R\u00edos, C\u00f3rdoba y Buenos Aires.<\/p>\n","protected":false},"author":5,"featured_media":60222,"comment_status":"closed","ping_status":"closed","sticky":false,"template":"","format":"standard","meta":{"footnotes":""},"categories":[89],"tags":[4587,50,3525,1725,2482,2071],"_links":{"self":[{"href":"https:\/\/lt15concordia.com.ar\/index.php\/wp-json\/wp\/v2\/posts\/60223"}],"collection":[{"href":"https:\/\/lt15concordia.com.ar\/index.php\/wp-json\/wp\/v2\/posts"}],"about":[{"href":"https:\/\/lt15concordia.com.ar\/index.php\/wp-json\/wp\/v2\/types\/post"}],"author":[{"embeddable":true,"href":"https:\/\/lt15concordia.com.ar\/index.php\/wp-json\/wp\/v2\/users\/5"}],"replies":[{"embeddable":true,"href":"https:\/\/lt15concordia.com.ar\/index.php\/wp-json\/wp\/v2\/comments?post=60223"}],"version-history":[{"count":2,"href":"https:\/\/lt15concordia.com.ar\/index.php\/wp-json\/wp\/v2\/posts\/60223\/revisions"}],"predecessor-version":[{"id":60225,"href":"https:\/\/lt15concordia.com.ar\/index.php\/wp-json\/wp\/v2\/posts\/60223\/revisions\/60225"}],"wp:featuredmedia":[{"embeddable":true,"href":"https:\/\/lt15concordia.com.ar\/index.php\/wp-json\/wp\/v2\/media\/60222"}],"wp:attachment":[{"href":"https:\/\/lt15concordia.com.ar\/index.php\/wp-json\/wp\/v2\/media?parent=60223"}],"wp:term":[{"taxonomy":"category","embeddable":true,"href":"https:\/\/lt15concordia.com.ar\/index.php\/wp-json\/wp\/v2\/categories?post=60223"},{"taxonomy":"post_tag","embeddable":true,"href":"https:\/\/lt15concordia.com.ar\/index.php\/wp-json\/wp\/v2\/tags?post=60223"}],"curies":[{"name":"wp","href":"https:\/\/api.w.org\/{rel}","templated":true}]}}