{"id":60219,"date":"2026-08-31T10:30:50","date_gmt":"2026-08-31T13:30:50","guid":{"rendered":"https:\/\/lt15concordia.com.ar\/?p=60219"},"modified":"2026-08-31T10:31:01","modified_gmt":"2026-08-31T13:31:01","slug":"un-posible-tornado-golpeo-el-soberbio-y-dejo-familias-sin-techo","status":"publish","type":"post","link":"https:\/\/lt15concordia.com.ar\/index.php\/2026\/08\/31\/un-posible-tornado-golpeo-el-soberbio-y-dejo-familias-sin-techo\/","title":{"rendered":"Un posible tornado golpe\u00f3 El Soberbio y dej\u00f3 familias sin techo"},"content":{"rendered":"<p>El lunes por la ma\u00f1ana, <strong>El Soberbio<\/strong>, localidad de la provincia de <strong>Misiones<\/strong>, amaneci\u00f3 con el tendido el\u00e9ctrico en el piso, techos arrancados y familias mirando el cielo donde antes hab\u00eda paredes. Un posible tornado pas\u00f3 por ah\u00ed y no se anduvo con chiquitas.<\/p>\n<p>El intendente <strong>Ricardo Leiva<\/strong> fue el primero en dar la cara y confirm\u00f3 que <strong>al menos tres familias<\/strong> resultaron directamente afectadas por el temporal. El saldo que describi\u00f3 es el que ya se conoce demasiado bien en estas latitudes despu\u00e9s de cada tormenta brava: <strong>voladuras de techos<\/strong>, <strong>postes ca\u00eddos<\/strong>, <strong>inundaciones<\/strong> y cortes generalizados de energ\u00eda el\u00e9ctrica.<\/p>\n<p>La palabra &#8220;posible&#8221; que acompa\u00f1a al t\u00e9rmino tornado no es un detalle menor. Determinar con precisi\u00f3n si se trat\u00f3 de un tornado propiamente dicho o de una tromba de viento de alt\u00edsima intensidad requiere an\u00e1lisis t\u00e9cnico posterior, pero lo que vivieron los vecinos de <strong>El Soberbio<\/strong> ese lunes no admite demasiada discusi\u00f3n: fue violento, fue r\u00e1pido y dej\u00f3 un tendal de da\u00f1os materiales en pocas horas.<\/p>\n<p>Las familias afectadas quedaron expuestas a la intemperie en pleno invierno austral, con las necesidades inmediatas que eso implica: abrigo, refugio y restituci\u00f3n del servicio el\u00e9ctrico. Las autoridades municipales iniciaron la evaluaci\u00f3n de los da\u00f1os para coordinar la asistencia necesaria.<\/p>\n<p><script type=\"application\/ld+json\">{\"@context\": \"https:\/\/schema.org\", \"@type\": \"NewsArticle\", \"headline\": \"Un posible tornado golpe\u00f3 El Soberbio y dej\u00f3 familias sin techo\", \"description\": \"Un fuerte temporal con caracter\u00edsticas de tornado azot\u00f3 El Soberbio, Misiones. Techos volados, postes ca\u00eddos y cortes de luz afectaron al menos a tres familias.\", \"datePublished\": \"2026-08-31T10:31:01-03:00\", \"dateModified\": \"2026-08-31T10:31:01-03:00\", \"inLanguage\": \"es-AR\", \"articleSection\": \"seguridad\", \"author\": {\"@type\": \"Organization\", \"name\": \"Redaccion LT15 Concordia\", \"url\": \"https:\/\/lt15concordia.com.ar\"}, \"publisher\": {\"@type\": \"Organization\", \"name\": \"LT15 Concordia\"}, \"mainEntityOfPage\": {\"@type\": \"WebPage\", \"@id\": \"https:\/\/lt15concordia.com.ar\/index.php\/2026\/08\/31\/un-posible-tornado-golpeo-el-soberbio-y-dejo-familias-sin-techo\/\"}, \"image\": [\"https:\/\/elonce-media.elonce.com\/fotos\/2026\/08\/31\/m_1788181866_21473.webp\"]}<\/script><\/p>\n","protected":false},"excerpt":{"rendered":"<p>Un fuerte temporal con caracter\u00edsticas de tornado azot\u00f3 El Soberbio, Misiones. Techos volados, postes ca\u00eddos y cortes de luz afectaron al menos a tres familias.<\/p>\n","protected":false},"author":5,"featured_media":60218,"comment_status":"closed","ping_status":"closed","sticky":false,"template":"","format":"standard","meta":{"footnotes":""},"categories":[89,33],"tags":[4586,1025,1534,81,864],"_links":{"self":[{"href":"https:\/\/lt15concordia.com.ar\/index.php\/wp-json\/wp\/v2\/posts\/60219"}],"collection":[{"href":"https:\/\/lt15concordia.com.ar\/index.php\/wp-json\/wp\/v2\/posts"}],"about":[{"href":"https:\/\/lt15concordia.com.ar\/index.php\/wp-json\/wp\/v2\/types\/post"}],"author":[{"embeddable":true,"href":"https:\/\/lt15concordia.com.ar\/index.php\/wp-json\/wp\/v2\/users\/5"}],"replies":[{"embeddable":true,"href":"https:\/\/lt15concordia.com.ar\/index.php\/wp-json\/wp\/v2\/comments?post=60219"}],"version-history":[{"count":2,"href":"https:\/\/lt15concordia.com.ar\/index.php\/wp-json\/wp\/v2\/posts\/60219\/revisions"}],"predecessor-version":[{"id":60221,"href":"https:\/\/lt15concordia.com.ar\/index.php\/wp-json\/wp\/v2\/posts\/60219\/revisions\/60221"}],"wp:featuredmedia":[{"embeddable":true,"href":"https:\/\/lt15concordia.com.ar\/index.php\/wp-json\/wp\/v2\/media\/60218"}],"wp:attachment":[{"href":"https:\/\/lt15concordia.com.ar\/index.php\/wp-json\/wp\/v2\/media?parent=60219"}],"wp:term":[{"taxonomy":"category","embeddable":true,"href":"https:\/\/lt15concordia.com.ar\/index.php\/wp-json\/wp\/v2\/categories?post=60219"},{"taxonomy":"post_tag","embeddable":true,"href":"https:\/\/lt15concordia.com.ar\/index.php\/wp-json\/wp\/v2\/tags?post=60219"}],"curies":[{"name":"wp","href":"https:\/\/api.w.org\/{rel}","templated":true}]}}