{"id":60215,"date":"2026-08-31T09:32:00","date_gmt":"2026-08-31T12:32:00","guid":{"rendered":"https:\/\/lt15concordia.com.ar\/?p=60215"},"modified":"2026-08-31T09:32:10","modified_gmt":"2026-08-31T12:32:10","slug":"frigerio-bajo-presion-comedores-deuda-y-el-caso-del-silice","status":"publish","type":"post","link":"https:\/\/lt15concordia.com.ar\/index.php\/2026\/08\/31\/frigerio-bajo-presion-comedores-deuda-y-el-caso-del-silice\/","title":{"rendered":"Frigerio bajo presi\u00f3n: comedores, deuda y el caso del s\u00edlice"},"content":{"rendered":"<p>Tres frentes abiertos al mismo tiempo. <strong>Rogelio Frigerio<\/strong>, gobernador de <strong>Entre R\u00edos<\/strong>, atraviesa uno de sus momentos de mayor exposici\u00f3n pol\u00edtica desde que asumi\u00f3: la pol\u00e9mica por los <strong>comedores escolares<\/strong>, el nivel de <strong>deuda p\u00fablica provincial<\/strong> y la extracci\u00f3n de <strong>arena sil\u00edcea<\/strong> en los humedales del sur configuran un escenario de resistencia interna que empieza a forzar correcciones en su estrategia de gobierno.<\/p>\n<p>El episodio que m\u00e1s ruido gener\u00f3 en las \u00faltimas semanas fue el de los comedores. El gobierno provincial impuls\u00f3 un esquema que reemplazar\u00eda a los proveedores locales de alimentos frescos por <strong>raciones secas<\/strong> abastecidas por una empresa for\u00e1nea. Distintos sectores rechazaron la iniciativa, y las contradicciones entre funcionarios no ayudaron: seg\u00fan trascendi\u00f3, la <strong>ministra Berisso<\/strong> habl\u00f3 de un contrato de <strong>42 millones de pesos<\/strong>, mientras Frigerio mencion\u00f3 <strong>22 millones<\/strong>, y el abogado <strong>Rub\u00e9n Pagliotto<\/strong>, que present\u00f3 una denuncia al respecto, fij\u00f3 la cifra en <strong>101 millones<\/strong>. La empresa mencionada, <strong>Teknofood<\/strong>, acumula seg\u00fan distintas denuncias una serie de cuestionamientos que el gobierno no ha respondido p\u00fablicamente. Ante la presi\u00f3n, el oficialismo debi\u00f3 dar marcha atr\u00e1s o al menos recalibrar el rumbo.<\/p>\n<p>El segundo frente es la <strong>deuda p\u00fablica<\/strong>. Analistas y sectores opositores advierten que la cifra acumulada por la provincia ya alcanzar\u00eda el orden del <strong>bill\u00f3n de pesos<\/strong>, una herencia que se remontar\u00eda a la gesti\u00f3n anterior pero que, seg\u00fan los cr\u00edticos, la actual administraci\u00f3n profundiz\u00f3. En paralelo, el gobierno cre\u00f3 un ente aut\u00e1rquico con facultades para administrar y eventualmente enajenar patrimonio provincial, incluyendo tierras fiscales en los humedales del sur. Ese punto genera particular inquietud en sectores que monitorean de cerca la pol\u00edtica de tierras en la provincia.<\/p>\n<p>El tercer tema es el m\u00e1s silencioso pero quiz\u00e1s el m\u00e1s voluminoso en t\u00e9rminos econ\u00f3micos: la extracci\u00f3n de <strong>arena sil\u00edcea<\/strong> de los humedales entrerrianos para abastecer el fracking en <strong>Vaca Muerta<\/strong>. Datos que surgir\u00edan de las propias empresas extractoras indicar\u00edan un volumen de alrededor de <strong>ocho millones de toneladas anuales<\/strong>. Sectores que cuestionan el esquema sostienen que esa arena le representa a las petroleras un ahorro de magnitud, y que <strong>Entre R\u00edos<\/strong> ser\u00eda la \u00fanica provincia minera del pa\u00eds que no recauda <strong>regal\u00edas mineras<\/strong> de esa actividad. Si se aplicara una al\u00edcuota del veinte por ciento sobre el ahorro que obtienen las empresas, el impacto en las cuentas provinciales ser\u00eda, seg\u00fan esa lectura, significativo. El gobierno no ha dado una respuesta p\u00fablica detallada sobre este punto.<\/p>\n<p>Lo cierto es que los tres temas tienen un denominador com\u00fan en la lectura de quienes los critican: decisiones que sacan recursos del circuito econ\u00f3mico provincial hacia empresas o actores radicados fuera de <strong>Entre R\u00edos<\/strong>. Frigerio no ha respondido p\u00fablicamente con ese nivel de detalle. Lo que s\u00ed qued\u00f3 expuesto fue el nerviosismo: sus declaraciones recientes sobre la obra social <strong>OSER<\/strong>, a la que describi\u00f3 como una de las mejores del mundo, fueron le\u00eddas por muchos entrerrianos como una se\u00f1al de que algo en la comunicaci\u00f3n del gobierno no est\u00e1 funcionando. El debate est\u00e1 abierto y la presi\u00f3n, por ahora, no cede.<\/p>\n<p><script type=\"application\/ld+json\">{\"@context\": \"https:\/\/schema.org\", \"@type\": \"NewsArticle\", \"headline\": \"Frigerio bajo presi\u00f3n: comedores, deuda y el caso del s\u00edlice\", \"description\": \"El gobernador entrerriano enfrenta cuestionamientos crecientes por los comedores escolares, la deuda p\u00fablica provincial y la extracci\u00f3n de arena sil\u00edcea.\", \"datePublished\": \"2026-08-31T09:32:10-03:00\", \"dateModified\": \"2026-08-31T09:32:10-03:00\", \"inLanguage\": \"es-AR\", \"articleSection\": \"politica\", \"author\": {\"@type\": \"Organization\", \"name\": \"Redaccion LT15 Concordia\", \"url\": \"https:\/\/lt15concordia.com.ar\"}, \"publisher\": {\"@type\": \"Organization\", \"name\": \"LT15 Concordia\"}, \"mainEntityOfPage\": {\"@type\": \"WebPage\", \"@id\": \"https:\/\/lt15concordia.com.ar\/index.php\/2026\/08\/31\/frigerio-bajo-presion-comedores-deuda-y-el-caso-del-silice\/\"}, \"image\": [\"https:\/\/www.diariojunio.com.ar\/wp-content\/uploads\/2026\/08\/FRIGERIO-Estrategia.png\"]}<\/script><\/p>\n","protected":false},"excerpt":{"rendered":"<p>El gobernador entrerriano enfrenta cuestionamientos crecientes por los comedores escolares, la deuda p\u00fablica provincial y la extracci\u00f3n de arena sil\u00edcea.<\/p>\n","protected":false},"author":5,"featured_media":60214,"comment_status":"closed","ping_status":"closed","sticky":false,"template":"","format":"standard","meta":{"footnotes":""},"categories":[37],"tags":[2662,2711,63,837,2712,4585],"_links":{"self":[{"href":"https:\/\/lt15concordia.com.ar\/index.php\/wp-json\/wp\/v2\/posts\/60215"}],"collection":[{"href":"https:\/\/lt15concordia.com.ar\/index.php\/wp-json\/wp\/v2\/posts"}],"about":[{"href":"https:\/\/lt15concordia.com.ar\/index.php\/wp-json\/wp\/v2\/types\/post"}],"author":[{"embeddable":true,"href":"https:\/\/lt15concordia.com.ar\/index.php\/wp-json\/wp\/v2\/users\/5"}],"replies":[{"embeddable":true,"href":"https:\/\/lt15concordia.com.ar\/index.php\/wp-json\/wp\/v2\/comments?post=60215"}],"version-history":[{"count":2,"href":"https:\/\/lt15concordia.com.ar\/index.php\/wp-json\/wp\/v2\/posts\/60215\/revisions"}],"predecessor-version":[{"id":60217,"href":"https:\/\/lt15concordia.com.ar\/index.php\/wp-json\/wp\/v2\/posts\/60215\/revisions\/60217"}],"wp:featuredmedia":[{"embeddable":true,"href":"https:\/\/lt15concordia.com.ar\/index.php\/wp-json\/wp\/v2\/media\/60214"}],"wp:attachment":[{"href":"https:\/\/lt15concordia.com.ar\/index.php\/wp-json\/wp\/v2\/media?parent=60215"}],"wp:term":[{"taxonomy":"category","embeddable":true,"href":"https:\/\/lt15concordia.com.ar\/index.php\/wp-json\/wp\/v2\/categories?post=60215"},{"taxonomy":"post_tag","embeddable":true,"href":"https:\/\/lt15concordia.com.ar\/index.php\/wp-json\/wp\/v2\/tags?post=60215"}],"curies":[{"name":"wp","href":"https:\/\/api.w.org\/{rel}","templated":true}]}}