{"id":60211,"date":"2026-08-31T09:30:59","date_gmt":"2026-08-31T12:30:59","guid":{"rendered":"https:\/\/lt15concordia.com.ar\/?p=60211"},"modified":"2026-08-31T09:31:10","modified_gmt":"2026-08-31T12:31:10","slug":"entre-rios-bajo-emergencia-fitosanitaria-por-el-picudo-rojo-de-las-palmeras","status":"publish","type":"post","link":"https:\/\/lt15concordia.com.ar\/index.php\/2026\/08\/31\/entre-rios-bajo-emergencia-fitosanitaria-por-el-picudo-rojo-de-las-palmeras\/","title":{"rendered":"Entre R\u00edos bajo emergencia fitosanitaria por el Picudo rojo de las palmeras"},"content":{"rendered":"<p>Una plaga silenciosa ya est\u00e1 en suelo entrerriano. El <strong>Servicio Nacional de Sanidad y Calidad Agroalimentaria (SENASA)<\/strong> ampli\u00f3 el \u00e1rea bajo <strong>Emergencia Fitosanitaria<\/strong> por la presencia del <strong>Picudo rojo de las palmeras<\/strong> (<em>Rhynchophorus ferrugineus<\/em>), y ahora la medida alcanza a las provincias de <strong>Buenos Aires y Entre R\u00edos<\/strong>.<\/p>\n<p>La decisi\u00f3n se formaliz\u00f3 mediante la <strong>Disposici\u00f3n DNPV N\u00b0 2\/2026<\/strong>, publicada en el Bolet\u00edn Oficial, que modifica la Resoluci\u00f3n N\u00b0 133\/2026 del organismo. La emergencia queda vigente <strong>hasta el 30 de junio de 2028<\/strong>, lo que da margen para sostener en el tiempo las tareas de prevenci\u00f3n, vigilancia y control sobre el terreno.<\/p>\n<p>El detonante fue el <strong>hallazgo reciente de la plaga en territorio continental de Entre R\u00edos<\/strong>, sumado al avance de las acciones de contingencia que ya se llevan adelante en la <strong>Isla Mart\u00edn Garc\u00eda<\/strong>, en la provincia de Buenos Aires. Dos frentes abiertos que obligan a reforzar la respuesta del Estado antes de que el insecto gane m\u00e1s terreno.<\/p>\n<p>El Picudo rojo no es un bicho menor. Ataca a distintas especies de palmeras y puede provocar su <strong>deterioro progresivo y muerte<\/strong>. El problema es que sus s\u00edntomas no siempre son visibles a tiempo: el insecto trabaja desde adentro, y cuando el da\u00f1o se nota, muchas veces ya es tarde para salvar el ejemplar. Por eso, la detecci\u00f3n temprana es la clave de toda la estrategia.<\/p>\n<p>El SENASA trabaja de manera articulada con <strong>organismos nacionales, provinciales y municipales<\/strong> para fortalecer el monitoreo. La Emergencia Fitosanitaria no es un t\u00edtulo burocr\u00e1tico: habilita recursos, personal y acciones coordinadas que de otro modo ser\u00edan m\u00e1s dif\u00edciles de desplegar.<\/p>\n<p>Hay una advertencia concreta que el organismo repite con \u00e9nfasis: <strong>no trasladar insectos sospechosos, palmeras ni partes de plantas<\/strong> desde las zonas donde fue detectada la plaga. Ese movimiento, aparentemente inocente, puede ser suficiente para llevar el problema a lugares donde todav\u00eda no lleg\u00f3.<\/p>\n<p>Ante cualquier s\u00edntoma compatible o ejemplar sospechoso, el SENASA pide dar aviso en las oficinas locales, por correo a <strong>dief@senasa.gob.ar<\/strong> o a trav\u00e9s del formulario de denuncia disponible en el <strong>SINAVIMO<\/strong>. La alerta temprana de los vecinos y productores es parte fundamental del sistema de control.<\/p>\n<p><script type=\"application\/ld+json\">{\"@context\": \"https:\/\/schema.org\", \"@type\": \"NewsArticle\", \"headline\": \"Entre R\u00edos bajo emergencia fitosanitaria por el Picudo rojo de las palmeras\", \"description\": \"El SENASA ampli\u00f3 la emergencia fitosanitaria a Entre R\u00edos y Buenos Aires por el Picudo rojo de las palmeras, con vigencia hasta junio de 2028.\", \"datePublished\": \"2026-08-31T09:31:10-03:00\", \"dateModified\": \"2026-08-31T09:31:10-03:00\", \"inLanguage\": \"es-AR\", \"articleSection\": \"otros\", \"author\": {\"@type\": \"Organization\", \"name\": \"Redaccion LT15 Concordia\", \"url\": \"https:\/\/lt15concordia.com.ar\"}, \"publisher\": {\"@type\": \"Organization\", \"name\": \"LT15 Concordia\"}, \"mainEntityOfPage\": {\"@type\": \"WebPage\", \"@id\": \"https:\/\/lt15concordia.com.ar\/index.php\/2026\/08\/31\/entre-rios-bajo-emergencia-fitosanitaria-por-el-picudo-rojo-de-las-palmeras\/\"}, \"image\": [\"https:\/\/dosflorines.com.ar\/wp-content\/uploads\/2026\/08\/palmera-senasa.jpg\"]}<\/script><\/p>\n","protected":false},"excerpt":{"rendered":"<p>El SENASA ampli\u00f3 la emergencia fitosanitaria a Entre R\u00edos y Buenos Aires por el Picudo rojo de las palmeras, con vigencia hasta junio de 2028.<\/p>\n","protected":false},"author":5,"featured_media":60210,"comment_status":"closed","ping_status":"closed","sticky":false,"template":"","format":"standard","meta":{"footnotes":""},"categories":[37],"tags":[63,4584,4146,4145,2270,245],"_links":{"self":[{"href":"https:\/\/lt15concordia.com.ar\/index.php\/wp-json\/wp\/v2\/posts\/60211"}],"collection":[{"href":"https:\/\/lt15concordia.com.ar\/index.php\/wp-json\/wp\/v2\/posts"}],"about":[{"href":"https:\/\/lt15concordia.com.ar\/index.php\/wp-json\/wp\/v2\/types\/post"}],"author":[{"embeddable":true,"href":"https:\/\/lt15concordia.com.ar\/index.php\/wp-json\/wp\/v2\/users\/5"}],"replies":[{"embeddable":true,"href":"https:\/\/lt15concordia.com.ar\/index.php\/wp-json\/wp\/v2\/comments?post=60211"}],"version-history":[{"count":2,"href":"https:\/\/lt15concordia.com.ar\/index.php\/wp-json\/wp\/v2\/posts\/60211\/revisions"}],"predecessor-version":[{"id":60213,"href":"https:\/\/lt15concordia.com.ar\/index.php\/wp-json\/wp\/v2\/posts\/60211\/revisions\/60213"}],"wp:featuredmedia":[{"embeddable":true,"href":"https:\/\/lt15concordia.com.ar\/index.php\/wp-json\/wp\/v2\/media\/60210"}],"wp:attachment":[{"href":"https:\/\/lt15concordia.com.ar\/index.php\/wp-json\/wp\/v2\/media?parent=60211"}],"wp:term":[{"taxonomy":"category","embeddable":true,"href":"https:\/\/lt15concordia.com.ar\/index.php\/wp-json\/wp\/v2\/categories?post=60211"},{"taxonomy":"post_tag","embeddable":true,"href":"https:\/\/lt15concordia.com.ar\/index.php\/wp-json\/wp\/v2\/tags?post=60211"}],"curies":[{"name":"wp","href":"https:\/\/api.w.org\/{rel}","templated":true}]}}