{"id":60207,"date":"2026-08-31T08:32:42","date_gmt":"2026-08-31T11:32:42","guid":{"rendered":"https:\/\/lt15concordia.com.ar\/?p=60207"},"modified":"2026-08-31T08:32:53","modified_gmt":"2026-08-31T11:32:53","slug":"anafilaxia-en-uader-nueva-capacitacion-con-cupo-lleno-en-parana","status":"publish","type":"post","link":"https:\/\/lt15concordia.com.ar\/index.php\/2026\/08\/31\/anafilaxia-en-uader-nueva-capacitacion-con-cupo-lleno-en-parana\/","title":{"rendered":"Anafilaxia en UADER: nueva capacitaci\u00f3n con cupo lleno en Paran\u00e1"},"content":{"rendered":"<p>El cupo ya est\u00e1 lleno y eso dice todo. Una nueva capacitaci\u00f3n sobre <strong>anafilaxia<\/strong> se realizar\u00e1 este jueves en la <strong>Universidad Aut\u00f3noma de Entre R\u00edos (UADER)<\/strong>, con sede en <strong>Paran\u00e1<\/strong>, y la demanda super\u00f3 las expectativas. La convocatoria refleja una conciencia creciente sobre una amenaza que puede ser mortal si no se act\u00faa a tiempo.<\/p>\n<p>Detr\u00e1s de esta iniciativa est\u00e1n los padres de <strong>Mat\u00edas Colaprete<\/strong>, quienes vienen trabajando para que la comunidad entienda qu\u00e9 es la anafilaxia, c\u00f3mo reconocerla y, sobre todo, c\u00f3mo responder en los primeros minutos. Ellos lo saben mejor que nadie: <strong>una respuesta r\u00e1pida puede marcar la diferencia entre la vida y la muerte<\/strong>.<\/p>\n<p>La anafilaxia es una reacci\u00f3n al\u00e9rgica grave y de aparici\u00f3n s\u00fabita que puede desencadenarse ante alimentos, medicamentos, picaduras de insectos u otros agentes. Su peligro radica en la velocidad con que compromete el organismo: en minutos puede derivar en un cuadro cr\u00edtico. Por eso, la capacitaci\u00f3n no es un lujo ni una formalidad, es una herramienta concreta de prevenci\u00f3n.<\/p>\n<p>Los padres de <strong>Mat\u00edas<\/strong> anticiparon que esta jornada no ser\u00e1 la \u00faltima. Seg\u00fan informaron, hay nuevas fechas previstas para seguir formando a vecinos, docentes, estudiantes y cualquier persona que quiera estar preparada. La idea es multiplicar los puntos de conocimiento en <strong>Paran\u00e1<\/strong> y la regi\u00f3n, porque la anafilaxia no avisa y no elige a qui\u00e9n afecta.<\/p>\n<p>Que el cupo se haya completado r\u00e1pidamente muestra que hay una comunidad dispuesta a aprender. El desaf\u00edo ahora es sostener ese impulso y garantizar que cada vez m\u00e1s personas sepan qu\u00e9 hacer cuando el tiempo apremia.<\/p>\n<p><script type=\"application\/ld+json\">{\"@context\": \"https:\/\/schema.org\", \"@type\": \"NewsArticle\", \"headline\": \"Anafilaxia en UADER: nueva capacitaci\u00f3n con cupo lleno en Paran\u00e1\", \"description\": \"Una jornada sobre anafilaxia se realizar\u00e1 este jueves en la UADER de Paran\u00e1 con inscripci\u00f3n completa. Los padres de Mat\u00edas Colaprete impulsan m\u00e1s capacitaciones.\", \"datePublished\": \"2026-08-31T08:32:53-03:00\", \"dateModified\": \"2026-08-31T08:32:53-03:00\", \"inLanguage\": \"es-AR\", \"articleSection\": \"salud\", \"author\": {\"@type\": \"Organization\", \"name\": \"Redaccion LT15 Concordia\", \"url\": \"https:\/\/lt15concordia.com.ar\"}, \"publisher\": {\"@type\": \"Organization\", \"name\": \"LT15 Concordia\"}, \"mainEntityOfPage\": {\"@type\": \"WebPage\", \"@id\": \"https:\/\/lt15concordia.com.ar\/index.php\/2026\/08\/31\/anafilaxia-en-uader-nueva-capacitacion-con-cupo-lleno-en-parana\/\"}, \"image\": [\"https:\/\/elonce-media.elonce.com\/fotos\/2026\/08\/31\/m_1788174826_76780.webp\"]}<\/script><\/p>\n","protected":false},"excerpt":{"rendered":"<p>Una jornada sobre anafilaxia se realizar\u00e1 este jueves en la UADER de Paran\u00e1 con inscripci\u00f3n completa. Los padres de Mat\u00edas Colaprete impulsan m\u00e1s capacitaciones.<\/p>\n","protected":false},"author":5,"featured_media":60206,"comment_status":"closed","ping_status":"closed","sticky":false,"template":"","format":"standard","meta":{"footnotes":""},"categories":[37],"tags":[3074,1799,63,67,87,1272],"_links":{"self":[{"href":"https:\/\/lt15concordia.com.ar\/index.php\/wp-json\/wp\/v2\/posts\/60207"}],"collection":[{"href":"https:\/\/lt15concordia.com.ar\/index.php\/wp-json\/wp\/v2\/posts"}],"about":[{"href":"https:\/\/lt15concordia.com.ar\/index.php\/wp-json\/wp\/v2\/types\/post"}],"author":[{"embeddable":true,"href":"https:\/\/lt15concordia.com.ar\/index.php\/wp-json\/wp\/v2\/users\/5"}],"replies":[{"embeddable":true,"href":"https:\/\/lt15concordia.com.ar\/index.php\/wp-json\/wp\/v2\/comments?post=60207"}],"version-history":[{"count":2,"href":"https:\/\/lt15concordia.com.ar\/index.php\/wp-json\/wp\/v2\/posts\/60207\/revisions"}],"predecessor-version":[{"id":60209,"href":"https:\/\/lt15concordia.com.ar\/index.php\/wp-json\/wp\/v2\/posts\/60207\/revisions\/60209"}],"wp:featuredmedia":[{"embeddable":true,"href":"https:\/\/lt15concordia.com.ar\/index.php\/wp-json\/wp\/v2\/media\/60206"}],"wp:attachment":[{"href":"https:\/\/lt15concordia.com.ar\/index.php\/wp-json\/wp\/v2\/media?parent=60207"}],"wp:term":[{"taxonomy":"category","embeddable":true,"href":"https:\/\/lt15concordia.com.ar\/index.php\/wp-json\/wp\/v2\/categories?post=60207"},{"taxonomy":"post_tag","embeddable":true,"href":"https:\/\/lt15concordia.com.ar\/index.php\/wp-json\/wp\/v2\/tags?post=60207"}],"curies":[{"name":"wp","href":"https:\/\/api.w.org\/{rel}","templated":true}]}}