{"id":60199,"date":"2026-08-31T08:31:00","date_gmt":"2026-08-31T11:31:00","guid":{"rendered":"https:\/\/lt15concordia.com.ar\/?p=60199"},"modified":"2026-08-31T08:31:11","modified_gmt":"2026-08-31T11:31:11","slug":"marcha-en-concordia-contra-la-salida-del-sanatorio-de-pami","status":"publish","type":"post","link":"https:\/\/lt15concordia.com.ar\/index.php\/2026\/08\/31\/marcha-en-concordia-contra-la-salida-del-sanatorio-de-pami\/","title":{"rendered":"Marcha en Concordia contra la salida del Sanatorio de PAMI"},"content":{"rendered":"<p>&#8220;<strong>Que arda la lucha<\/strong>&#8220;. Con esa consigna, jubilados y pensionados de <strong>Concordia<\/strong> convocaron a una movilizaci\u00f3n para este <strong>martes 1\u00b0 de septiembre a las 10 de la ma\u00f1ana<\/strong>, frente a la sede local de PAMI en <strong>Urquiza y Tucum\u00e1n<\/strong>. La fecha no es casual: es exactamente el d\u00eda en que el <strong>Sanatorio Concordia<\/strong> deja de ser prestador de la obra social, dejando a unos <strong>15.000 afiliados<\/strong> sin esa cobertura.<\/p>\n<p>La convocatoria la lanz\u00f3 la <strong>Mesa Coordinadora de Jubilados y Pensionados de la Plaza 25 de Mayo<\/strong>, con un mensaje sin vueltas: &#8220;Nos necesitamos todos y todas. Juntos luchando&#8221;. Desde este martes, quienes necesiten atenci\u00f3n m\u00e9dica deber\u00e1n recurrir a los hospitales <strong>Felipe Heras<\/strong> y <strong>Delicia Concepci\u00f3n Masvernat<\/strong>, los dos grandes efectores p\u00fablicos de la ciudad. El temor de las organizaciones es que esa demanda concentrada genere saturaci\u00f3n en las guardias y dificultades para conseguir camas de internaci\u00f3n.<\/p>\n<p>La presidenta del <strong>Centro de Jubilados de ATE Concordia<\/strong>, <strong>Susana S\u00e1nchez<\/strong>, lo dijo sin rodeos: los afiliados &#8220;van a tener que andar deambulando&#8221; en busca de atenci\u00f3n. No es una met\u00e1fora. Es la descripci\u00f3n de lo que puede ocurrirle a miles de personas mayores que hasta ahora ten\u00edan un prestador privado dentro de la red y que, de un d\u00eda para el otro, quedan remitidos al sistema p\u00fablico.<\/p>\n<p>Desde <strong>PAMI<\/strong>, en cambio, minimizan el impacto. Fuentes de la obra social sostuvieron que la tasa de internaci\u00f3n de los afiliados es baja y que la demanda trasladada al sistema p\u00fablico no tendr\u00eda la magnitud que plantean los jubilados. Tambi\u00e9n se\u00f1alaron que el sanatorio ya ven\u00eda funcionando de forma restringida desde <strong>mayo<\/strong>, cuando dej\u00f3 de recibir afiliados para atenci\u00f3n habitual y mantuvo solo la cobertura de emergencias. Y que esta es la <strong>tercera vez<\/strong> que el prestador privado renuncia a continuar en la red, sin que PAMI le deba nada: los pagos, seg\u00fan la directora de la <strong>UGL Concordia<\/strong>, <strong>Karina Bernardi<\/strong>, se realizaron dentro de los plazos habituales.<\/p>\n<p>Lo que tambi\u00e9n qued\u00f3 expuesto esta semana fue la forma en que se manej\u00f3 la reuni\u00f3n del jueves pasado entre Bernardi y representantes de los centros de jubilados. Los integrantes de la Mesa Coordinadora de la Plaza 25 de Mayo denunciaron que no pudieron ingresar al encuentro. &#8220;Para nuestra sorpresa, fuimos prohibidos de participar al mejor estilo de la dictadura&#8221;, escribieron en sus redes sociales. Una acusaci\u00f3n dura que, si se confirma, habla de c\u00f3mo se gestiona el di\u00e1logo con los propios afiliados en un momento de m\u00e1xima tensi\u00f3n.<\/p>\n<p>El antecedente m\u00e1s cercano fue la movilizaci\u00f3n del <strong>30 de junio<\/strong>, cuando la Mesa de Jubilados, junto a integrantes de <strong>ATE Concordia<\/strong> y militantes de organizaciones de izquierda como el <strong>Partido Obrero<\/strong>, se manifestaron frente a la sede de la UGL XXXIV para denunciar el deterioro en la atenci\u00f3n y las pol\u00edticas del gobierno nacional en materia previsional y sanitaria. Desde entonces, la situaci\u00f3n no mejor\u00f3: empeor\u00f3. Por ahora, no hay ninguna alternativa concreta que permita que el Sanatorio Concordia contin\u00fae atendiendo a los afiliados de PAMI.<\/p>\n<p><script type=\"application\/ld+json\">{\"@context\": \"https:\/\/schema.org\", \"@type\": \"NewsArticle\", \"headline\": \"Marcha en Concordia contra la salida del Sanatorio de PAMI\", \"description\": \"Jubilados y pensionados se movilizan este martes frente a la sede de PAMI en Concordia, el mismo d\u00eda en que el Sanatorio deja de atender a 15.000 afiliados.\", \"datePublished\": \"2026-08-31T08:31:11-03:00\", \"dateModified\": \"2026-08-31T08:31:11-03:00\", \"inLanguage\": \"es-AR\", \"articleSection\": \"salud\", \"author\": {\"@type\": \"Organization\", \"name\": \"Redaccion LT15 Concordia\", \"url\": \"https:\/\/lt15concordia.com.ar\"}, \"publisher\": {\"@type\": \"Organization\", \"name\": \"LT15 Concordia\"}, \"mainEntityOfPage\": {\"@type\": \"WebPage\", \"@id\": \"https:\/\/lt15concordia.com.ar\/index.php\/2026\/08\/31\/marcha-en-concordia-contra-la-salida-del-sanatorio-de-pami\/\"}, \"image\": [\"https:\/\/www.diariojunio.com.ar\/wp-content\/uploads\/2026\/06\/IMG_20260630_105501803_HDR.jpg\"]}<\/script><\/p>\n","protected":false},"excerpt":{"rendered":"<p>Jubilados y pensionados se movilizan este martes frente a la sede de PAMI en Concordia, el mismo d\u00eda en que el Sanatorio deja de atender a 15.000 afiliados.<\/p>\n","protected":false},"author":5,"featured_media":60198,"comment_status":"closed","ping_status":"closed","sticky":false,"template":"","format":"standard","meta":{"footnotes":""},"categories":[30],"tags":[41,131,3045,289,2330,2138],"_links":{"self":[{"href":"https:\/\/lt15concordia.com.ar\/index.php\/wp-json\/wp\/v2\/posts\/60199"}],"collection":[{"href":"https:\/\/lt15concordia.com.ar\/index.php\/wp-json\/wp\/v2\/posts"}],"about":[{"href":"https:\/\/lt15concordia.com.ar\/index.php\/wp-json\/wp\/v2\/types\/post"}],"author":[{"embeddable":true,"href":"https:\/\/lt15concordia.com.ar\/index.php\/wp-json\/wp\/v2\/users\/5"}],"replies":[{"embeddable":true,"href":"https:\/\/lt15concordia.com.ar\/index.php\/wp-json\/wp\/v2\/comments?post=60199"}],"version-history":[{"count":2,"href":"https:\/\/lt15concordia.com.ar\/index.php\/wp-json\/wp\/v2\/posts\/60199\/revisions"}],"predecessor-version":[{"id":60201,"href":"https:\/\/lt15concordia.com.ar\/index.php\/wp-json\/wp\/v2\/posts\/60199\/revisions\/60201"}],"wp:featuredmedia":[{"embeddable":true,"href":"https:\/\/lt15concordia.com.ar\/index.php\/wp-json\/wp\/v2\/media\/60198"}],"wp:attachment":[{"href":"https:\/\/lt15concordia.com.ar\/index.php\/wp-json\/wp\/v2\/media?parent=60199"}],"wp:term":[{"taxonomy":"category","embeddable":true,"href":"https:\/\/lt15concordia.com.ar\/index.php\/wp-json\/wp\/v2\/categories?post=60199"},{"taxonomy":"post_tag","embeddable":true,"href":"https:\/\/lt15concordia.com.ar\/index.php\/wp-json\/wp\/v2\/tags?post=60199"}],"curies":[{"name":"wp","href":"https:\/\/api.w.org\/{rel}","templated":true}]}}