{"id":60187,"date":"2026-08-30T22:34:24","date_gmt":"2026-08-31T01:34:24","guid":{"rendered":"https:\/\/lt15concordia.com.ar\/?p=60187"},"modified":"2026-08-30T22:34:36","modified_gmt":"2026-08-31T01:34:36","slug":"el-lino-entrerriano-arranca-el-ciclo-202627-con-el-92-en-buena-condicion","status":"publish","type":"post","link":"https:\/\/lt15concordia.com.ar\/index.php\/2026\/08\/30\/el-lino-entrerriano-arranca-el-ciclo-202627-con-el-92-en-buena-condicion\/","title":{"rendered":"El lino entrerriano arranca el ciclo 2026\/27 con el 92% en buena condici\u00f3n"},"content":{"rendered":"<p>El campo entrerriano tiene buenas noticias para el lino. El <strong>Sistema de Informaci\u00f3n de la Bolsa de Cereales de Entre R\u00edos<\/strong> relev\u00f3 que el <strong>92% del \u00e1rea implantada<\/strong> con lino en la provincia se encuentra en condici\u00f3n <strong>buena a muy buena<\/strong> para el ciclo <strong>2026\/27<\/strong>, un dato que marca un arranque s\u00f3lido para el cultivo.<\/p>\n<p>El estado fenol\u00f3gico muestra un panorama variado seg\u00fan las fechas de siembra. Los lotes sembrados a <strong>mediados de mayo<\/strong> ya iniciaron la <strong>floraci\u00f3n<\/strong>, mientras que los implantados en <strong>julio<\/strong> todav\u00eda est\u00e1n en la etapa de desarrollo de ramificaciones. Dos momentos distintos del ciclo, pero ambos con buenas perspectivas.<\/p>\n<p>El \u00fanico factor que gener\u00f3 algo de incomodidad en las \u00faltimas semanas fue el clima. Los colaboradores del sistema reportaron <strong>jornadas con precipitaciones y d\u00edas nublados<\/strong> que dificultaron el ingreso a los lotes para realizar el <strong>control de malezas<\/strong>, una tarea cr\u00edtica en esta etapa del cultivo. La humedad excesiva complica la log\u00edstica de campo y puede abrir la puerta a problemas fitosanitarios si no se act\u00faa a tiempo.<\/p>\n<p>Con todo, el balance general es positivo. El lino es uno de los cultivos que Entre R\u00edos viene consolidando en su matriz productiva, y un arranque de temporada con nueve de cada diez hect\u00e1reas en condici\u00f3n \u00f3ptima es, sin dudas, una se\u00f1al alentadora para productores y el sector agroexportador provincial.<\/p>\n<p><script type=\"application\/ld+json\">{\"@context\": \"https:\/\/schema.org\", \"@type\": \"NewsArticle\", \"headline\": \"El lino entrerriano arranca el ciclo 2026\/27 con el 92% en buena condici\u00f3n\", \"description\": \"El Sistema de Informaci\u00f3n de la Bolsa de Cereales report\u00f3 que el 92% del \u00e1rea linera de Entre R\u00edos se encuentra en condici\u00f3n buena a muy buena para el ciclo 2026\/27.\", \"datePublished\": \"2026-08-30T22:34:35-03:00\", \"dateModified\": \"2026-08-30T22:34:35-03:00\", \"inLanguage\": \"es-AR\", \"articleSection\": \"economia\", \"author\": {\"@type\": \"Organization\", \"name\": \"Redaccion LT15 Concordia\", \"url\": \"https:\/\/lt15concordia.com.ar\"}, \"publisher\": {\"@type\": \"Organization\", \"name\": \"LT15 Concordia\"}, \"mainEntityOfPage\": {\"@type\": \"WebPage\", \"@id\": \"https:\/\/lt15concordia.com.ar\/index.php\/2026\/08\/30\/el-lino-entrerriano-arranca-el-ciclo-202627-con-el-92-en-buena-condicion\/\"}, \"image\": [\"https:\/\/dosflorines.com.ar\/wp-content\/uploads\/2025\/07\/lino.jpg\"]}<\/script><\/p>\n","protected":false},"excerpt":{"rendered":"<p>El Sistema de Informaci\u00f3n de la Bolsa de Cereales report\u00f3 que el 92% del \u00e1rea linera de Entre R\u00edos se encuentra en condici\u00f3n buena a muy buena para el ciclo 2026\/27.<\/p>\n","protected":false},"author":5,"featured_media":60186,"comment_status":"closed","ping_status":"closed","sticky":false,"template":"","format":"standard","meta":{"footnotes":""},"categories":[37],"tags":[453,2317,4575,63,4574],"_links":{"self":[{"href":"https:\/\/lt15concordia.com.ar\/index.php\/wp-json\/wp\/v2\/posts\/60187"}],"collection":[{"href":"https:\/\/lt15concordia.com.ar\/index.php\/wp-json\/wp\/v2\/posts"}],"about":[{"href":"https:\/\/lt15concordia.com.ar\/index.php\/wp-json\/wp\/v2\/types\/post"}],"author":[{"embeddable":true,"href":"https:\/\/lt15concordia.com.ar\/index.php\/wp-json\/wp\/v2\/users\/5"}],"replies":[{"embeddable":true,"href":"https:\/\/lt15concordia.com.ar\/index.php\/wp-json\/wp\/v2\/comments?post=60187"}],"version-history":[{"count":2,"href":"https:\/\/lt15concordia.com.ar\/index.php\/wp-json\/wp\/v2\/posts\/60187\/revisions"}],"predecessor-version":[{"id":60189,"href":"https:\/\/lt15concordia.com.ar\/index.php\/wp-json\/wp\/v2\/posts\/60187\/revisions\/60189"}],"wp:featuredmedia":[{"embeddable":true,"href":"https:\/\/lt15concordia.com.ar\/index.php\/wp-json\/wp\/v2\/media\/60186"}],"wp:attachment":[{"href":"https:\/\/lt15concordia.com.ar\/index.php\/wp-json\/wp\/v2\/media?parent=60187"}],"wp:term":[{"taxonomy":"category","embeddable":true,"href":"https:\/\/lt15concordia.com.ar\/index.php\/wp-json\/wp\/v2\/categories?post=60187"},{"taxonomy":"post_tag","embeddable":true,"href":"https:\/\/lt15concordia.com.ar\/index.php\/wp-json\/wp\/v2\/tags?post=60187"}],"curies":[{"name":"wp","href":"https:\/\/api.w.org\/{rel}","templated":true}]}}