{"id":60183,"date":"2026-08-30T22:32:23","date_gmt":"2026-08-31T01:32:23","guid":{"rendered":"https:\/\/lt15concordia.com.ar\/?p=60183"},"modified":"2026-08-30T22:32:35","modified_gmt":"2026-08-31T01:32:35","slug":"el-cartel-del-sitio-de-memoria-en-concordia-la-multisectorial-prepara-su-descarg","status":"publish","type":"post","link":"https:\/\/lt15concordia.com.ar\/index.php\/2026\/08\/30\/el-cartel-del-sitio-de-memoria-en-concordia-la-multisectorial-prepara-su-descarg\/","title":{"rendered":"El cartel del Sitio de Memoria en Concordia: la Multisectorial prepara su descargo"},"content":{"rendered":"<p>Un cartel que se\u00f1aliza la memoria, una tormenta que lo da\u00f1\u00f3, un municipio que no hizo nada para repararlo, y ahora una intimaci\u00f3n que dej\u00f3 perplejos a los organismos de Derechos Humanos de <strong>Concordia<\/strong>. As\u00ed se resume, en pocas l\u00edneas, una situaci\u00f3n que mezcla burocracia, historia y la siempre tensa disputa por la memoria del terrorismo de Estado.<\/p>\n<p>Todo arranca en <strong>diciembre de 2021<\/strong>, cuando la <strong>Municipalidad de Concordia<\/strong> autoriz\u00f3 la colocaci\u00f3n de un cartel que se\u00f1aliza al <strong>Regimiento de Caballer\u00eda de Tanques 6 &#8220;Blandengues&#8221;<\/strong> como Sitio de Memoria, en reconocimiento a que ese predio funcion\u00f3 como centro clandestino de detenci\u00f3n y tortura durante la \u00faltima dictadura c\u00edvico-militar. La se\u00f1alizaci\u00f3n fue instalada el <strong>7 de diciembre<\/strong> de ese a\u00f1o y cont\u00f3 con la declaraci\u00f3n de inter\u00e9s social, cultural y educativo del <strong>Concejo Deliberante<\/strong>, en el marco de la <strong>Ley Nacional N.\u00ba 26.691<\/strong>.<\/p>\n<p>El problema vino despu\u00e9s. La estructura que sosten\u00eda el cartel result\u00f3 da\u00f1ada por una tormenta y sufri\u00f3 adem\u00e1s lo que los organismos describieron como posibles actos vand\u00e1licos. Ante ese deterioro, la Municipalidad no movi\u00f3 un dedo: no conserv\u00f3, no repar\u00f3, no reinstal\u00f2. El sitio oficial de memoria qued\u00f3 a la deriva.<\/p>\n<p>Fue entonces cuando <strong>familiares y amigos de detenidos desaparecidos<\/strong>, junto a organismos de Derechos Humanos y organizaciones culturales, gremiales y sociales de Concordia, tomaron la iniciativa. Financiaron los trabajos con sus propios recursos y reinstalaron la se\u00f1alizaci\u00f3n respetando el dise\u00f1o, el contenido y el emplazamiento originalmente autorizados. No hubo carteler\u00eda nueva ni modificaci\u00f3n del proyecto: se reforz\u00f3 la estructura de sujeci\u00f3n con <strong>hormig\u00f3n armado<\/strong> para darle mayor resistencia frente a tormentas y posibles vandalismos. Costo para el municipio: cero.<\/p>\n<p>En <strong>mayo de 2026<\/strong>, el <strong>Ministerio de Justicia de la Naci\u00f3n<\/strong> prest\u00f3 su conformidad para la reposici\u00f3n, bajo la condici\u00f3n de respetar dise\u00f1o, contenido y emplazamiento originales. Seg\u00fan los organismos, esas condiciones fueron cumplidas al pie de la letra.<\/p>\n<p>Entonces lleg\u00f3 el golpe de efecto administrativo. El <strong>21 de agosto<\/strong>, un d\u00eda antes de la reinstalaci\u00f3n, el <strong>Departamento de Obras Privadas<\/strong> de la Municipalidad notific\u00f3 a la <strong>Multisectorial de Derechos Humanos<\/strong> que habr\u00eda constatado una modificaci\u00f3n en la estructura y le exigi\u00f3 la presentaci\u00f3n de documentaci\u00f3n en un plazo de <strong>cinco d\u00edas h\u00e1biles<\/strong>. La intimaci\u00f3n gener\u00f3 preocupaci\u00f3n y, tambi\u00e9n, una pregunta que flota en el ambiente: \u00bfpor qu\u00e9 el municipio que no hizo nada para conservar el sitio aparece ahora para cuestionarlo?<\/p>\n<p>Desde la Multisectorial anticiparon que en el descargo explicar\u00e1n que no hubo obra nueva ni instalaci\u00f3n no autorizada, sino una intervenci\u00f3n de conservaci\u00f3n y refuerzo sobre una estructura p\u00fablica preexistente. Sostienen que la l\u00f3gica administrativa no puede aplicarse de la misma manera a un Sitio de Memoria con reconocimiento oficial que a una construcci\u00f3n privada cualquiera.<\/p>\n<p>La discusi\u00f3n queda planteada entre la interpretaci\u00f3n del \u00e1rea de Obras Privadas y la posici\u00f3n de los organismos. Mientras tanto, el cartel del <strong>Regimiento Blandengues<\/strong> sigue en pie, se\u00f1alizando un pasado que algunos prefieren que no tenga se\u00f1al.<\/p>\n<p><script type=\"application\/ld+json\">{\"@context\": \"https:\/\/schema.org\", \"@type\": \"NewsArticle\", \"headline\": \"El cartel del Sitio de Memoria en Concordia: la Multisectorial prepara su descargo\", \"description\": \"La Municipalidad intim\u00f3 a la Multisectorial de DDHH por la reinstalaci\u00f3n del cartel del Regimiento Blandengues. Los organismos responden que fue conservaci\u00f3n, no obra nueva.\", \"datePublished\": \"2026-08-30T22:32:34-03:00\", \"dateModified\": \"2026-08-30T22:32:34-03:00\", \"inLanguage\": \"es-AR\", \"articleSection\": \"sociedad\", \"author\": {\"@type\": \"Organization\", \"name\": \"Redaccion LT15 Concordia\", \"url\": \"https:\/\/lt15concordia.com.ar\"}, \"publisher\": {\"@type\": \"Organization\", \"name\": \"LT15 Concordia\"}, \"mainEntityOfPage\": {\"@type\": \"WebPage\", \"@id\": \"https:\/\/lt15concordia.com.ar\/index.php\/2026\/08\/30\/el-cartel-del-sitio-de-memoria-en-concordia-la-multisectorial-prepara-su-descarg\/\"}, \"image\": [\"https:\/\/www.diariojunio.com.ar\/wp-content\/uploads\/2026\/08\/cartel-nuevo.jpg\"]}<\/script><\/p>\n","protected":false},"excerpt":{"rendered":"<p>La Municipalidad intim\u00f3 a la Multisectorial de DDHH por la reinstalaci\u00f3n del cartel del Regimiento Blandengues. Los organismos responden que fue conservaci\u00f3n, no obra nueva.<\/p>\n","protected":false},"author":5,"featured_media":60182,"comment_status":"closed","ping_status":"closed","sticky":false,"template":"","format":"standard","meta":{"footnotes":""},"categories":[30],"tags":[41,2290,628,2367,4387,4329],"_links":{"self":[{"href":"https:\/\/lt15concordia.com.ar\/index.php\/wp-json\/wp\/v2\/posts\/60183"}],"collection":[{"href":"https:\/\/lt15concordia.com.ar\/index.php\/wp-json\/wp\/v2\/posts"}],"about":[{"href":"https:\/\/lt15concordia.com.ar\/index.php\/wp-json\/wp\/v2\/types\/post"}],"author":[{"embeddable":true,"href":"https:\/\/lt15concordia.com.ar\/index.php\/wp-json\/wp\/v2\/users\/5"}],"replies":[{"embeddable":true,"href":"https:\/\/lt15concordia.com.ar\/index.php\/wp-json\/wp\/v2\/comments?post=60183"}],"version-history":[{"count":2,"href":"https:\/\/lt15concordia.com.ar\/index.php\/wp-json\/wp\/v2\/posts\/60183\/revisions"}],"predecessor-version":[{"id":60185,"href":"https:\/\/lt15concordia.com.ar\/index.php\/wp-json\/wp\/v2\/posts\/60183\/revisions\/60185"}],"wp:featuredmedia":[{"embeddable":true,"href":"https:\/\/lt15concordia.com.ar\/index.php\/wp-json\/wp\/v2\/media\/60182"}],"wp:attachment":[{"href":"https:\/\/lt15concordia.com.ar\/index.php\/wp-json\/wp\/v2\/media?parent=60183"}],"wp:term":[{"taxonomy":"category","embeddable":true,"href":"https:\/\/lt15concordia.com.ar\/index.php\/wp-json\/wp\/v2\/categories?post=60183"},{"taxonomy":"post_tag","embeddable":true,"href":"https:\/\/lt15concordia.com.ar\/index.php\/wp-json\/wp\/v2\/tags?post=60183"}],"curies":[{"name":"wp","href":"https:\/\/api.w.org\/{rel}","templated":true}]}}