{"id":60179,"date":"2026-08-30T21:32:33","date_gmt":"2026-08-31T00:32:33","guid":{"rendered":"https:\/\/lt15concordia.com.ar\/?p=60179"},"modified":"2026-08-30T21:32:44","modified_gmt":"2026-08-31T00:32:44","slug":"las-fotos-de-un-desaparecido-de-salto-grande-conmovieron-a-concordia","status":"publish","type":"post","link":"https:\/\/lt15concordia.com.ar\/index.php\/2026\/08\/30\/las-fotos-de-un-desaparecido-de-salto-grande-conmovieron-a-concordia\/","title":{"rendered":"Las fotos de un desaparecido de Salto Grande conmovieron a Concordia"},"content":{"rendered":"<p>Ten\u00eda cuatro meses cuando se lo llevaron. <strong>Soledad N\u00edvoli<\/strong> creci\u00f3 sin su padre, busc\u00f3 sus restos durante a\u00f1os y, cuando los encontr\u00f3, se dio cuenta de algo que la sacudi\u00f3 por dentro: persiguiendo las huellas de su muerte hab\u00eda olvidado buscar las de su vida. Esa revelaci\u00f3n fue el punto de partida de una noche que <strong>Concordia<\/strong> no va a olvidar f\u00e1cilmente.<\/p>\n<p>Anoche, en la sede de la <strong>CGT Concordia<\/strong>, se exhibi\u00f3 un ensayo fotogr\u00e1fico documental construido a partir de diapositivas de <strong>Mario Alberto N\u00edvoli<\/strong>, ex trabajador de la represa de <strong>Salto Grande<\/strong>, secuestrado y desaparecido por la \u00faltima <strong>Dictadura C\u00edvico-Militar en 1977<\/strong>. Sus restos fueron identificados recientemente en el centro clandestino de detenci\u00f3n <strong>La Perla<\/strong>, en C\u00f3rdoba. Pero las fotos que se proyectaron anoche no hablan de su muerte: hablan de su manera de ver el mundo.<\/p>\n<p>Soledad, psic\u00f3loga egresada de la <strong>Universidad Nacional de Rosario<\/strong>, trabaj\u00f3 junto al fot\u00f3grafo <strong>Gustavo D&#8217;Assoro<\/strong> para revelar y ordenar esas diapositivas que su padre dej\u00f3. Lo que apareci\u00f3 fue una mirada singular: \u00e1rboles, calles, flores, capturadas desde una sensibilidad que elude lo racional. No el registro de un aficionado cualquiera, sino una cosmovisi\u00f3n. Una forma de estar en el mundo que la dictadura intent\u00f3 borrar y que su hija recuper\u00f3, con paciencia y con amor.<\/p>\n<p>La sala de la CGT fue el escenario de una construcci\u00f3n colectiva. <strong>Hugo Cives<\/strong>, compa\u00f1ero de Mario en la Universidad de Ingenier\u00eda Qu\u00edmica, tom\u00f3 la palabra para trazar la semblanza de un hombre \u00edntegro, y su relato fue un regalo para Soledad y para todos los presentes. En un momento de la noche, un apag\u00f3n dej\u00f3 la sala a oscuras, pero los discursos y los recuerdos siguieron igual. La luz volvi\u00f3 dos veces. La met\u00e1fora estaba ah\u00ed, disponible para quien quisiera tomarla.<\/p>\n<p>El acto fue un ejercicio de memoria desde el arte: sin pancartas, sin consignas, con diapositivas y emoci\u00f3n. Soledad cit\u00f3 a <strong>Fernando Ulloa<\/strong>, el psicoanalista que defini\u00f3 la ternura no como un afecto blando sino como una forma subversiva de resistir la barbarizaci\u00f3n del mundo. Esa ternura estaba en las fotos de Mario. Estaba tambi\u00e9n en los ojos de su hija mientras hablaba.<\/p>\n<p>El homenaje a <strong>Mario Alberto N\u00edvoli<\/strong> qued\u00f3 inscripto en la memoria de quienes lo vivieron como un acto de justicia po\u00e9tica: la vida de un hombre contada a trav\u00e9s de su propia mirada, devuelta a la luz d\u00e9cadas despu\u00e9s por la hija que no pudo conocerlo.<\/p>\n<p><script type=\"application\/ld+json\">{\"@context\": \"https:\/\/schema.org\", \"@type\": \"NewsArticle\", \"headline\": \"Las fotos de un desaparecido de Salto Grande conmovieron a Concordia\", \"description\": \"Un ensayo fotogr\u00e1fico con diapositivas de Mario N\u00edvoli, ex trabajador de Salto Grande desaparecido en 1977, se exhibi\u00f3 en la CGT Concordia. Su hija Soledad reconstruy\u00f3 su mirada.\", \"datePublished\": \"2026-08-30T21:32:44-03:00\", \"dateModified\": \"2026-08-30T21:32:44-03:00\", \"inLanguage\": \"es-AR\", \"articleSection\": \"cultura\", \"author\": {\"@type\": \"Organization\", \"name\": \"Redaccion LT15 Concordia\", \"url\": \"https:\/\/lt15concordia.com.ar\"}, \"publisher\": {\"@type\": \"Organization\", \"name\": \"LT15 Concordia\"}, \"mainEntityOfPage\": {\"@type\": \"WebPage\", \"@id\": \"https:\/\/lt15concordia.com.ar\/index.php\/2026\/08\/30\/las-fotos-de-un-desaparecido-de-salto-grande-conmovieron-a-concordia\/\"}, \"image\": [\"https:\/\/www.diariojunio.com.ar\/wp-content\/uploads\/2026\/08\/pasto-yuyos-flor.jpg\"]}<\/script><\/p>\n","protected":false},"excerpt":{"rendered":"<p>Un ensayo fotogr\u00e1fico con diapositivas de Mario N\u00edvoli, ex trabajador de Salto Grande desaparecido en 1977, se exhibi\u00f3 en la CGT Concordia. Su hija Soledad reconstruy\u00f3 su mirada.<\/p>\n","protected":false},"author":5,"featured_media":60178,"comment_status":"closed","ping_status":"closed","sticky":false,"template":"","format":"standard","meta":{"footnotes":""},"categories":[30],"tags":[41,2290,628,4508,1249,201],"_links":{"self":[{"href":"https:\/\/lt15concordia.com.ar\/index.php\/wp-json\/wp\/v2\/posts\/60179"}],"collection":[{"href":"https:\/\/lt15concordia.com.ar\/index.php\/wp-json\/wp\/v2\/posts"}],"about":[{"href":"https:\/\/lt15concordia.com.ar\/index.php\/wp-json\/wp\/v2\/types\/post"}],"author":[{"embeddable":true,"href":"https:\/\/lt15concordia.com.ar\/index.php\/wp-json\/wp\/v2\/users\/5"}],"replies":[{"embeddable":true,"href":"https:\/\/lt15concordia.com.ar\/index.php\/wp-json\/wp\/v2\/comments?post=60179"}],"version-history":[{"count":2,"href":"https:\/\/lt15concordia.com.ar\/index.php\/wp-json\/wp\/v2\/posts\/60179\/revisions"}],"predecessor-version":[{"id":60181,"href":"https:\/\/lt15concordia.com.ar\/index.php\/wp-json\/wp\/v2\/posts\/60179\/revisions\/60181"}],"wp:featuredmedia":[{"embeddable":true,"href":"https:\/\/lt15concordia.com.ar\/index.php\/wp-json\/wp\/v2\/media\/60178"}],"wp:attachment":[{"href":"https:\/\/lt15concordia.com.ar\/index.php\/wp-json\/wp\/v2\/media?parent=60179"}],"wp:term":[{"taxonomy":"category","embeddable":true,"href":"https:\/\/lt15concordia.com.ar\/index.php\/wp-json\/wp\/v2\/categories?post=60179"},{"taxonomy":"post_tag","embeddable":true,"href":"https:\/\/lt15concordia.com.ar\/index.php\/wp-json\/wp\/v2\/tags?post=60179"}],"curies":[{"name":"wp","href":"https:\/\/api.w.org\/{rel}","templated":true}]}}