{"id":60175,"date":"2026-08-30T21:31:39","date_gmt":"2026-08-31T00:31:39","guid":{"rendered":"https:\/\/lt15concordia.com.ar\/?p=60175"},"modified":"2026-08-30T21:31:49","modified_gmt":"2026-08-31T00:31:49","slug":"cinco-medidas-del-gobierno-para-reactivar-sin-subir-el-gasto-de-cara-a-2027","status":"publish","type":"post","link":"https:\/\/lt15concordia.com.ar\/index.php\/2026\/08\/30\/cinco-medidas-del-gobierno-para-reactivar-sin-subir-el-gasto-de-cara-a-2027\/","title":{"rendered":"Cinco medidas del Gobierno para reactivar sin subir el gasto, de cara a 2027"},"content":{"rendered":"<p>La econom\u00eda no repunt\u00f3 como el Gobierno esperaba y el equipo de <strong>Javier Milei<\/strong> lo sabe. Por eso, en las \u00faltimas semanas, la <strong>Casa Rosada<\/strong> despleg\u00f3 un paquete de cinco medidas que apuntan a darle ox\u00edgeno a la actividad sin tocar el gasto p\u00fablico, la l\u00ednea que el presidente defiende como dogma.<\/p>\n<p>La primera se\u00f1al vino del <strong>frente cambiario<\/strong>. En las \u00faltimas diez ruedas, el tipo de cambio mayorista perfor\u00f3 el techo de los <strong>$1.500<\/strong> que el Banco Central y el Tesoro ven\u00edan sosteniendo a fuerza de tasas altas. El movimiento es menor \u2014<strong>agosto cerrar\u00eda con una suba del d\u00f3lar del orden del 1,8%<\/strong>\u2014 pero el mensaje es claro: el Gobierno dej\u00f3 de usar las tasas como escudo cambiario. La consultora <strong>LCG<\/strong> lo calific\u00f3 como &#8220;adecuado&#8221; aunque advirti\u00f3 que ser\u00eda deseable un deslizamiento m\u00e1s significativo en los pr\u00f3ximos meses para mejorar la competitividad.<\/p>\n<p>El segundo y tercer movimiento apuntan al <strong>cr\u00e9dito privado<\/strong>. Por un lado, el Gobierno autoriz\u00f3 a <strong>empresas no exportadoras<\/strong> a acceder a pr\u00e9stamos en moneda extranjera: los bancos pueden prestar hasta el <strong>15% de sus dep\u00f3sitos<\/strong>, lo que habilitar\u00eda cerca de <strong>US$ 6.000 millones<\/strong> en nuevos cr\u00e9ditos en d\u00f3lares. Por otro, desde esta semana los bancos podr\u00e1n licitar plazos fijos del <strong>Fondo de Garant\u00eda de Sustentabilidad de ANSES<\/strong> para financiar nuevos pr\u00e9stamos hipotecarios. El equipo de research del <strong>Banco Galicia<\/strong> lo sintetiz\u00f3 bien: el cr\u00e9dito como &#8220;chispazo&#8221; capaz de encender la econom\u00eda sin recurrir a impulsos fiscales ni monetarios que pongan en riesgo lo ganado en materia nominal.<\/p>\n<p>Pero hay una trampa en ese razonamiento. Como advirtieron los economistas del Galicia, la efectividad del cr\u00e9dito depender\u00e1 de que <strong>empresas y hogares est\u00e9n dispuestos a endeudarse<\/strong> en un contexto donde la recuperaci\u00f3n de ingresos todav\u00eda es parcial. El cr\u00e9dito disponible no es lo mismo que el cr\u00e9dito demandado.<\/p>\n<p>La cuarta medida toca directamente el bolsillo de los trabajadores. La <strong>Secretar\u00eda de Trabajo<\/strong> y la <strong>Jefatura de Gabinete<\/strong> acordaron elevar el piso salarial de los convenios colectivos a un m\u00ednimo de <strong>$1.070.000<\/strong>, mediante bonos o sumas fijas no remunerativas que complementen los aumentos paritarios. El ancla del <strong>2% mensual<\/strong> como referencia para las homologaciones se mantiene, pero el sueldo bruto de los sectores m\u00e1s bajos mejorar\u00eda, con impacto directo en millones de trabajadores.<\/p>\n<p>El quinto paso lleg\u00f3 el jueves cuando la <strong>C\u00e1mara de Diputados<\/strong> dio media sanci\u00f3n al paquete de <strong>Inocencia Fiscal II<\/strong>, orientado a canalizar el ahorro informal hacia la econom\u00eda formal. El economista <strong>Mart\u00edn Polo<\/strong> lo encuadr\u00f3 con precisi\u00f3n: son &#8220;medidas pragm\u00e1ticas&#8221; que buscan dar un empuj\u00f3n al empleo ante una actividad que no respondi\u00f3 como se esperaba. No son la soluci\u00f3n estructural, pero en el tramo electoral que se viene, el Gobierno necesita que los n\u00fameros se muevan.<\/p>\n<p><script type=\"application\/ld+json\">{\"@context\": \"https:\/\/schema.org\", \"@type\": \"NewsArticle\", \"headline\": \"Cinco medidas del Gobierno para reactivar sin subir el gasto, de cara a 2027\", \"description\": \"El equipo econ\u00f3mico de Milei avanza con cr\u00e9dito, paritarias y blanqueo fiscal para acelerar la actividad en el tramo final del a\u00f1o.\", \"datePublished\": \"2026-08-30T21:31:49-03:00\", \"dateModified\": \"2026-08-30T21:31:49-03:00\", \"inLanguage\": \"es-AR\", \"articleSection\": \"economia\", \"author\": {\"@type\": \"Organization\", \"name\": \"Redaccion LT15 Concordia\", \"url\": \"https:\/\/lt15concordia.com.ar\"}, \"publisher\": {\"@type\": \"Organization\", \"name\": \"LT15 Concordia\"}, \"mainEntityOfPage\": {\"@type\": \"WebPage\", \"@id\": \"https:\/\/lt15concordia.com.ar\/index.php\/2026\/08\/30\/cinco-medidas-del-gobierno-para-reactivar-sin-subir-el-gasto-de-cara-a-2027\/\"}, \"image\": [\"https:\/\/www.clarin.com\/img\/2026\/08\/26\/m60LDKeZ1_1200x630__1.jpg\"]}<\/script><\/p>\n","protected":false},"excerpt":{"rendered":"<p>El equipo econ\u00f3mico de Milei avanza con cr\u00e9dito, paritarias y blanqueo fiscal para acelerar la actividad en el tramo final del a\u00f1o.<\/p>\n","protected":false},"author":5,"featured_media":60174,"comment_status":"closed","ping_status":"closed","sticky":false,"template":"","format":"standard","meta":{"footnotes":""},"categories":[89],"tags":[2299,43,2874,513,192,4573],"_links":{"self":[{"href":"https:\/\/lt15concordia.com.ar\/index.php\/wp-json\/wp\/v2\/posts\/60175"}],"collection":[{"href":"https:\/\/lt15concordia.com.ar\/index.php\/wp-json\/wp\/v2\/posts"}],"about":[{"href":"https:\/\/lt15concordia.com.ar\/index.php\/wp-json\/wp\/v2\/types\/post"}],"author":[{"embeddable":true,"href":"https:\/\/lt15concordia.com.ar\/index.php\/wp-json\/wp\/v2\/users\/5"}],"replies":[{"embeddable":true,"href":"https:\/\/lt15concordia.com.ar\/index.php\/wp-json\/wp\/v2\/comments?post=60175"}],"version-history":[{"count":2,"href":"https:\/\/lt15concordia.com.ar\/index.php\/wp-json\/wp\/v2\/posts\/60175\/revisions"}],"predecessor-version":[{"id":60177,"href":"https:\/\/lt15concordia.com.ar\/index.php\/wp-json\/wp\/v2\/posts\/60175\/revisions\/60177"}],"wp:featuredmedia":[{"embeddable":true,"href":"https:\/\/lt15concordia.com.ar\/index.php\/wp-json\/wp\/v2\/media\/60174"}],"wp:attachment":[{"href":"https:\/\/lt15concordia.com.ar\/index.php\/wp-json\/wp\/v2\/media?parent=60175"}],"wp:term":[{"taxonomy":"category","embeddable":true,"href":"https:\/\/lt15concordia.com.ar\/index.php\/wp-json\/wp\/v2\/categories?post=60175"},{"taxonomy":"post_tag","embeddable":true,"href":"https:\/\/lt15concordia.com.ar\/index.php\/wp-json\/wp\/v2\/tags?post=60175"}],"curies":[{"name":"wp","href":"https:\/\/api.w.org\/{rel}","templated":true}]}}