{"id":60171,"date":"2026-08-30T21:30:47","date_gmt":"2026-08-31T00:30:47","guid":{"rendered":"https:\/\/lt15concordia.com.ar\/?p=60171"},"modified":"2026-08-30T21:30:58","modified_gmt":"2026-08-31T00:30:58","slug":"un-camion-despisto-en-la-autovia-14-y-termino-en-el-cantero-central","status":"publish","type":"post","link":"https:\/\/lt15concordia.com.ar\/index.php\/2026\/08\/30\/un-camion-despisto-en-la-autovia-14-y-termino-en-el-cantero-central\/","title":{"rendered":"Un cami\u00f3n despist\u00f3 en la Autov\u00eda 14 y termin\u00f3 en el cantero central"},"content":{"rendered":"<p>Una falla mec\u00e1nica fue suficiente para que un cami\u00f3n perdiera el control y terminara en el cantero central de la <strong>Autov\u00eda Nacional 14<\/strong>. El incidente se registr\u00f3 en el <strong>kil\u00f3metro 19<\/strong> de la ruta, en el tramo con sentido <strong>Entre R\u00edos hacia Buenos Aires<\/strong>, y pudo haber sido mucho peor.<\/p>\n<p>Los dos ocupantes del veh\u00edculo, ambos <strong>oriundos de Chajar\u00ed<\/strong>, salieron <strong>ilesos<\/strong> del despiste. Un desenlace que, en este tipo de siniestros con camiones de por medio, no siempre es el m\u00e1s habitual.<\/p>\n<p>Seg\u00fan se inform\u00f3, la causa del accidente fue una <strong>falla mec\u00e1nica<\/strong> que le quit\u00f3 al conductor el control del rodado. El cami\u00f3n termin\u00f3 encajado en el cantero central hasta que fue <strong>retirado del lugar<\/strong> por los servicios correspondientes, liberando la calzada.<\/p>\n<p>La Autov\u00eda 14 es uno de los corredores de mayor tr\u00e1nsito pesado del noreste argentino, y este tipo de incidentes pone en evidencia la importancia de mantener los veh\u00edculos de carga en condiciones mec\u00e1nicas \u00f3ptimas antes de salir a ruta. Por fortuna, esta vez no hubo que lamentar v\u00edctimas.<\/p>\n<p><script type=\"application\/ld+json\">{\"@context\": \"https:\/\/schema.org\", \"@type\": \"NewsArticle\", \"headline\": \"Un cami\u00f3n despist\u00f3 en la Autov\u00eda 14 y termin\u00f3 en el cantero central\", \"description\": \"El siniestro ocurri\u00f3 en el km 19 de la ruta nacional, en sentido Entre R\u00edos-Buenos Aires. Los dos ocupantes, de Chajar\u00ed, salieron ilesos.\", \"datePublished\": \"2026-08-30T21:30:58-03:00\", \"dateModified\": \"2026-08-30T21:30:58-03:00\", \"inLanguage\": \"es-AR\", \"articleSection\": \"seguridad\", \"author\": {\"@type\": \"Organization\", \"name\": \"Redaccion LT15 Concordia\", \"url\": \"https:\/\/lt15concordia.com.ar\"}, \"publisher\": {\"@type\": \"Organization\", \"name\": \"LT15 Concordia\"}, \"mainEntityOfPage\": {\"@type\": \"WebPage\", \"@id\": \"https:\/\/lt15concordia.com.ar\/index.php\/2026\/08\/30\/un-camion-despisto-en-la-autovia-14-y-termino-en-el-cantero-central\/\"}, \"image\": [\"https:\/\/elonce-media.elonce.com\/fotos\/2026\/08\/30\/m_1788134419_66439.webp\"]}<\/script><\/p>\n","protected":false},"excerpt":{"rendered":"<p>El siniestro ocurri\u00f3 en el km 19 de la ruta nacional, en sentido Entre R\u00edos-Buenos Aires. Los dos ocupantes, de Chajar\u00ed, salieron ilesos.<\/p>\n","protected":false},"author":5,"featured_media":60170,"comment_status":"closed","ping_status":"closed","sticky":false,"template":"","format":"standard","meta":{"footnotes":""},"categories":[33,38],"tags":[2166,341,1199,343,63],"_links":{"self":[{"href":"https:\/\/lt15concordia.com.ar\/index.php\/wp-json\/wp\/v2\/posts\/60171"}],"collection":[{"href":"https:\/\/lt15concordia.com.ar\/index.php\/wp-json\/wp\/v2\/posts"}],"about":[{"href":"https:\/\/lt15concordia.com.ar\/index.php\/wp-json\/wp\/v2\/types\/post"}],"author":[{"embeddable":true,"href":"https:\/\/lt15concordia.com.ar\/index.php\/wp-json\/wp\/v2\/users\/5"}],"replies":[{"embeddable":true,"href":"https:\/\/lt15concordia.com.ar\/index.php\/wp-json\/wp\/v2\/comments?post=60171"}],"version-history":[{"count":2,"href":"https:\/\/lt15concordia.com.ar\/index.php\/wp-json\/wp\/v2\/posts\/60171\/revisions"}],"predecessor-version":[{"id":60173,"href":"https:\/\/lt15concordia.com.ar\/index.php\/wp-json\/wp\/v2\/posts\/60171\/revisions\/60173"}],"wp:featuredmedia":[{"embeddable":true,"href":"https:\/\/lt15concordia.com.ar\/index.php\/wp-json\/wp\/v2\/media\/60170"}],"wp:attachment":[{"href":"https:\/\/lt15concordia.com.ar\/index.php\/wp-json\/wp\/v2\/media?parent=60171"}],"wp:term":[{"taxonomy":"category","embeddable":true,"href":"https:\/\/lt15concordia.com.ar\/index.php\/wp-json\/wp\/v2\/categories?post=60171"},{"taxonomy":"post_tag","embeddable":true,"href":"https:\/\/lt15concordia.com.ar\/index.php\/wp-json\/wp\/v2\/tags?post=60171"}],"curies":[{"name":"wp","href":"https:\/\/api.w.org\/{rel}","templated":true}]}}