{"id":60163,"date":"2026-08-30T20:31:36","date_gmt":"2026-08-30T23:31:36","guid":{"rendered":"https:\/\/lt15concordia.com.ar\/?p=60163"},"modified":"2026-08-30T20:31:47","modified_gmt":"2026-08-30T23:31:47","slug":"arranco-la-siembra-de-maiz-y-girasol-en-entre-rios","status":"publish","type":"post","link":"https:\/\/lt15concordia.com.ar\/index.php\/2026\/08\/30\/arranco-la-siembra-de-maiz-y-girasol-en-entre-rios\/","title":{"rendered":"Arranc\u00f3 la siembra de ma\u00edz y girasol en Entre R\u00edos"},"content":{"rendered":"<p>Con las lluvias por fin de lado, los productores de <strong>Entre R\u00edos<\/strong> arrancaron la siembra de <strong>ma\u00edz de primera<\/strong> y <strong>girasol<\/strong> correspondiente al ciclo <strong>2026\/27<\/strong>. El campo no espera y, cuando el suelo da se\u00f1ales, hay que entrar.<\/p>\n<p>Seg\u00fan las \u00faltimas proyecciones del <strong>Sistema de Informaci\u00f3n de la Bolsa de Cereales de Entre R\u00edos<\/strong>, el \u00e1rea total destinada al ma\u00edz presentar\u00eda un <strong>incremento del orden del 3%<\/strong> respecto a la campa\u00f1a anterior. De ese total, el <strong>95%<\/strong> corresponde al ma\u00edz de primera, mientras que el <strong>5% restante<\/strong> se reserva para el ma\u00edz tard\u00edo o de segunda. Una distribuci\u00f3n que no sorprende: el ma\u00edz temprano sigue siendo el rey en la provincia.<\/p>\n<p>El panorama para el <strong>girasol<\/strong>, en cambio, es m\u00e1s ajustado. La ausencia de precipitaciones en la regi\u00f3n habilit\u00f3 el inicio de las labores, pero las estimaciones marcan una <strong>ca\u00edda del 15%<\/strong> en el \u00e1rea destinada al cultivo respecto a la campa\u00f1a precedente. La sombra que pesa sobre la oleaginosa tiene nombre propio: la proximidad del fen\u00f3meno clim\u00e1tico <strong>\u00abEl Ni\u00f1o\u00bb<\/strong>, que hist\u00f3ricamente no favorece el desarrollo del girasol.<\/p>\n<p>Con todo, los t\u00e9cnicos se\u00f1alan que la reducci\u00f3n no ser\u00eda tan dram\u00e1tica si se tiene en cuenta ese contexto clim\u00e1tico de fondo. El productor entrerriano ya aprendi\u00f3 a leer el cielo y ajustar sus apuestas antes de que el clima decida por \u00e9l. La campa\u00f1a reci\u00e9n empieza y los n\u00fameros definitivos llegar\u00e1n con el correr de las semanas.<\/p>\n<p><script type=\"application\/ld+json\">{\"@context\": \"https:\/\/schema.org\", \"@type\": \"NewsArticle\", \"headline\": \"Arranc\u00f3 la siembra de ma\u00edz y girasol en Entre R\u00edos\", \"description\": \"Los productores entrerrianos iniciaron el ciclo 2026\/27 tras el retiro de las lluvias. El ma\u00edz crecer\u00eda 3% en \u00e1rea, mientras el girasol caer\u00eda un 15%.\", \"datePublished\": \"2026-08-30T20:31:47-03:00\", \"dateModified\": \"2026-08-30T20:31:47-03:00\", \"inLanguage\": \"es-AR\", \"articleSection\": \"economia\", \"author\": {\"@type\": \"Organization\", \"name\": \"Redaccion LT15 Concordia\", \"url\": \"https:\/\/lt15concordia.com.ar\"}, \"publisher\": {\"@type\": \"Organization\", \"name\": \"LT15 Concordia\"}, \"mainEntityOfPage\": {\"@type\": \"WebPage\", \"@id\": \"https:\/\/lt15concordia.com.ar\/index.php\/2026\/08\/30\/arranco-la-siembra-de-maiz-y-girasol-en-entre-rios\/\"}, \"image\": [\"https:\/\/dosflorines.com.ar\/wp-content\/uploads\/2026\/05\/siembra-de-maiz-entre-rios-campo.jpg\"]}<\/script><\/p>\n","protected":false},"excerpt":{"rendered":"<p>Los productores entrerrianos iniciaron el ciclo 2026\/27 tras el retiro de las lluvias. El ma\u00edz crecer\u00eda 3% en \u00e1rea, mientras el girasol caer\u00eda un 15%.<\/p>\n","protected":false},"author":5,"featured_media":60162,"comment_status":"closed","ping_status":"closed","sticky":false,"template":"","format":"standard","meta":{"footnotes":""},"categories":[37],"tags":[657,2317,63,2884,139,1557],"_links":{"self":[{"href":"https:\/\/lt15concordia.com.ar\/index.php\/wp-json\/wp\/v2\/posts\/60163"}],"collection":[{"href":"https:\/\/lt15concordia.com.ar\/index.php\/wp-json\/wp\/v2\/posts"}],"about":[{"href":"https:\/\/lt15concordia.com.ar\/index.php\/wp-json\/wp\/v2\/types\/post"}],"author":[{"embeddable":true,"href":"https:\/\/lt15concordia.com.ar\/index.php\/wp-json\/wp\/v2\/users\/5"}],"replies":[{"embeddable":true,"href":"https:\/\/lt15concordia.com.ar\/index.php\/wp-json\/wp\/v2\/comments?post=60163"}],"version-history":[{"count":2,"href":"https:\/\/lt15concordia.com.ar\/index.php\/wp-json\/wp\/v2\/posts\/60163\/revisions"}],"predecessor-version":[{"id":60165,"href":"https:\/\/lt15concordia.com.ar\/index.php\/wp-json\/wp\/v2\/posts\/60163\/revisions\/60165"}],"wp:featuredmedia":[{"embeddable":true,"href":"https:\/\/lt15concordia.com.ar\/index.php\/wp-json\/wp\/v2\/media\/60162"}],"wp:attachment":[{"href":"https:\/\/lt15concordia.com.ar\/index.php\/wp-json\/wp\/v2\/media?parent=60163"}],"wp:term":[{"taxonomy":"category","embeddable":true,"href":"https:\/\/lt15concordia.com.ar\/index.php\/wp-json\/wp\/v2\/categories?post=60163"},{"taxonomy":"post_tag","embeddable":true,"href":"https:\/\/lt15concordia.com.ar\/index.php\/wp-json\/wp\/v2\/tags?post=60163"}],"curies":[{"name":"wp","href":"https:\/\/api.w.org\/{rel}","templated":true}]}}