{"id":60043,"date":"2026-08-28T16:15:15","date_gmt":"2026-08-28T19:15:15","guid":{"rendered":"https:\/\/lt15concordia.com.ar\/?p=60043"},"modified":"2026-08-28T16:15:26","modified_gmt":"2026-08-28T19:15:26","slug":"declaran-la-emergencia-hidrica-en-toda-la-provincia-por-el-fenomeno-climatico-el-nino","status":"publish","type":"post","link":"https:\/\/lt15concordia.com.ar\/index.php\/2026\/08\/28\/declaran-la-emergencia-hidrica-en-toda-la-provincia-por-el-fenomeno-climatico-el-nino\/","title":{"rendered":"Declaran la Emergencia H\u00eddrica en toda la provincia por el fen\u00f3meno clim\u00e1tico El Ni\u00f1o"},"content":{"rendered":"\n<p><strong>El gobernador Rogelio Frigerio declar\u00f3 la Emergencia H\u00eddrica en toda la provincia a partir del Informe T\u00e9cnico de Riesgo H\u00eddrico elaborado por la Direcci\u00f3n General de Hidr\u00e1ulica y Obras Sanitarias y la situaci\u00f3n hidrometeorol\u00f3gica prevista para los pr\u00f3ximos meses. A trav\u00e9s del decreto 2026-2660-E-GER-GOB, se establece por 180 d\u00edas corridos esta medida que busca realizar lo necesario \u00a0para prevenir, mitigar y reducir los efectos y da\u00f1os que se pudieran suscitar<\/strong><\/p>\n\n\n\n<p>Con fecha 27 de agosto, el decreto declara &#8220;el Estado de Emergencia H\u00eddrica en la totalidad del territorio de la provincia de Entre R\u00edos, por el plazo de ciento ochenta (180) d\u00edas corridos, contados a partir de la publicaci\u00f3n del presente decreto en el Bolet\u00edn Oficial, a fin de completar las obras necesarias, celebrar las contrataciones e implementar las acciones conducentes para la prevenci\u00f3n, mitigaci\u00f3n y reducci\u00f3n de los efectos y da\u00f1os que se pudieren suscitar o se produzcan, sobre la poblaci\u00f3n, la infraestructura, los servicios esenciales y las actividades productivas, en raz\u00f3n del escenario hidrometeorol\u00f3gico extraordinario identificado como fen\u00f3meno de El Ni\u00f1o&#8221;, precisa el primer art\u00edculo.<\/p>\n\n\n\n<p>A su vez, en su art\u00edculo segundo, se indica que &#8220;tendr\u00e1 por finalidad facilitar la planificaci\u00f3n, coordinaci\u00f3n y ejecuci\u00f3n de las acciones preventivas y de respuesta que resulten necesarias frente al riesgo h\u00eddrico identificado&#8221;, y se precisa que incluye &#8220;entre otras, la reparaci\u00f3n, refuerzo, limpieza y protecci\u00f3n de defensas; la adecuaci\u00f3n de sistemas de drenaje; la limpieza de alcantarillas, canales y cunetas; la remoci\u00f3n de obstrucciones; la reparaci\u00f3n y refuerzo de terraplenes; la protecci\u00f3n de m\u00e1rgenes erosionadas; la puesta en condiciones de estaciones de bombeo; la estabilizaci\u00f3n de caminos; y la disponibilidad anticipada de insumos, equipamiento y maquinarias destinados a atender las contingencias que pudieran presentarse&#8221;.<\/p>\n\n\n\n<p><br>Asimismo, el decreto faculta &#8220;a los Ministerios y organismos de la Administraci\u00f3n P\u00fablica Provincial, dentro del \u00e1mbito de sus respectivas competencias, a adoptar las medidas administrativas, t\u00e9cnicas y operativas necesarias para el cumplimiento de los objetivos establecidos en el presente decreto y, cuando corresponda, a tramitar los procedimientos de contrataci\u00f3n directa, por v\u00eda de excepci\u00f3n, previstos&#8221; en la Leyes N\u00b0 5.140 y modificatorias y y en la Ley de Obras P\u00fablicas N\u00b0 6351.<\/p>\n\n\n\n<p><br>Se detalla luego que &#8220;los tr\u00e1mites de contrataci\u00f3n de bienes, servicios u obras que se sustancien en el marco de la emergencia declarada deber\u00e1n expresar, en cada caso, las razones que motivan su promoci\u00f3n, la vinculaci\u00f3n directa de la prestaci\u00f3n requerida con la situaci\u00f3n de emergencia y la autorizaci\u00f3n&#8221; de la autoridad respectiva. En ese mismo sentido, en el quinto art\u00edculo, se autoriza a las jurisdicciones y entidades intervinientes a efectuar las adecuaciones presupuestarias que resulten necesarias para atender las erogaciones derivadas de las acciones comprendidas en la presente emergencia, de conformidad con las disposiciones presupuestarias y financieras vigentes.<\/p>\n\n\n\n<p><br>Finalmente, se invita a &#8220;los gobiernos locales, en el marco de sus respectivas jurisdicciones, competencias y en coordinaci\u00f3n con el gobierno provincial, a adoptar medidas y acciones destinadas a prevenir, mitigar y reducir los efectos y da\u00f1os que se pudieren suscitar o se produzcan, sobre la poblaci\u00f3n, la infraestructura, los servicios esenciales y las actividades productivas, en raz\u00f3n del escenario hidrometeorol\u00f3gico extraordinario identificado como fen\u00f3meno de El Ni\u00f1o&#8221;.<\/p>\n\n\n\n<p>Fuente: Gobierno de Entre R\u00edos<\/p>\n","protected":false},"excerpt":{"rendered":"<p>El gobernador Rogelio Frigerio declar\u00f3 la Emergencia H\u00eddrica en toda la provincia a partir del Informe T\u00e9cnico de Riesgo H\u00eddrico elaborado por la Direcci\u00f3n General de Hidr\u00e1ulica y Obras Sanitarias y la situaci\u00f3n hidrometeorol\u00f3gica prevista para los pr\u00f3ximos meses. A trav\u00e9s del decreto 2026-2660-E-GER-GOB, se establece por 180 d\u00edas corridos esta medida que busca realizar [&hellip;]<\/p>\n","protected":false},"author":5,"featured_media":60044,"comment_status":"open","ping_status":"open","sticky":false,"template":"","format":"standard","meta":{"footnotes":""},"categories":[37],"tags":[],"_links":{"self":[{"href":"https:\/\/lt15concordia.com.ar\/index.php\/wp-json\/wp\/v2\/posts\/60043"}],"collection":[{"href":"https:\/\/lt15concordia.com.ar\/index.php\/wp-json\/wp\/v2\/posts"}],"about":[{"href":"https:\/\/lt15concordia.com.ar\/index.php\/wp-json\/wp\/v2\/types\/post"}],"author":[{"embeddable":true,"href":"https:\/\/lt15concordia.com.ar\/index.php\/wp-json\/wp\/v2\/users\/5"}],"replies":[{"embeddable":true,"href":"https:\/\/lt15concordia.com.ar\/index.php\/wp-json\/wp\/v2\/comments?post=60043"}],"version-history":[{"count":1,"href":"https:\/\/lt15concordia.com.ar\/index.php\/wp-json\/wp\/v2\/posts\/60043\/revisions"}],"predecessor-version":[{"id":60045,"href":"https:\/\/lt15concordia.com.ar\/index.php\/wp-json\/wp\/v2\/posts\/60043\/revisions\/60045"}],"wp:featuredmedia":[{"embeddable":true,"href":"https:\/\/lt15concordia.com.ar\/index.php\/wp-json\/wp\/v2\/media\/60044"}],"wp:attachment":[{"href":"https:\/\/lt15concordia.com.ar\/index.php\/wp-json\/wp\/v2\/media?parent=60043"}],"wp:term":[{"taxonomy":"category","embeddable":true,"href":"https:\/\/lt15concordia.com.ar\/index.php\/wp-json\/wp\/v2\/categories?post=60043"},{"taxonomy":"post_tag","embeddable":true,"href":"https:\/\/lt15concordia.com.ar\/index.php\/wp-json\/wp\/v2\/tags?post=60043"}],"curies":[{"name":"wp","href":"https:\/\/api.w.org\/{rel}","templated":true}]}}