{"id":60034,"date":"2026-08-28T16:07:16","date_gmt":"2026-08-28T19:07:16","guid":{"rendered":"https:\/\/lt15concordia.com.ar\/?p=60034"},"modified":"2026-08-28T16:08:04","modified_gmt":"2026-08-28T19:08:04","slug":"provincia-y-municipio-habilitaron-la-remodelacion-edilicia-y-la-nueva-sala-de-monitoreo-policial-en-galarza","status":"publish","type":"post","link":"https:\/\/lt15concordia.com.ar\/index.php\/2026\/08\/28\/provincia-y-municipio-habilitaron-la-remodelacion-edilicia-y-la-nueva-sala-de-monitoreo-policial-en-galarza\/","title":{"rendered":"Provincia y municipio habilitaron la remodelaci\u00f3n edilicia y la nueva sala de monitoreo policial en Galarza"},"content":{"rendered":"\n<p><strong>El gobernador Rogelio Frigerio inaugur\u00f3 las obras de remodelaci\u00f3n y la nueva sala de videovigilancia de la comisar\u00eda de General Galarza. En el acto, remarc\u00f3 la importancia de cuidar al personal policial y generar entornos seguros que promuevan la llegada de inversiones a la provincia<\/strong><\/p>\n\n\n\n<p>El Gobierno de Entre R\u00edos habilit\u00f3 los trabajos de ampliaci\u00f3n, reacondicionamiento y refuncionalizaci\u00f3n edilicia de la Comisar\u00eda N\u00ba 16 de General Galarza, en una jornada encabezada por el gobernador Rogelio Frigerio y el intendente de esa localidad, Fabi\u00e1n Menescardi. La obra, concretada a partir del trabajo articulado entre el municipio, la Secretar\u00eda General de la Gobernaci\u00f3n y la Polic\u00eda de Entre R\u00edos, incluy\u00f3 la incorporaci\u00f3n de equipamiento inform\u00e1tico, mobiliario y una nueva sala de monitoreo conectada a 140 c\u00e1maras de seguridad para reforzar la prevenci\u00f3n en la ciudad.&nbsp;<\/p>\n\n\n\n<p>El proyecto respondi\u00f3 a una demanda comunitaria de casi cuatro d\u00e9cadas y busca dignificar las condiciones laborales de la fuerza y la atenci\u00f3n a las y los vecinos de la zona. Durante el acto, el gobernador vincul\u00f3 la consolidaci\u00f3n del orden p\u00fablico con el horizonte de desarrollo econ\u00f3mico de la provincia. &#8220;Lograr la paz para los vecinos, pero tambi\u00e9n la tranquilidad para los que invierten, es muy importante en la principal tarea que tenemos como gobierno: generar condiciones para que haya inversi\u00f3n y empleo en el sector privado, porque a la hora de tomar una decisi\u00f3n de invertir, la seguridad es una variable importante&#8221;, afirm\u00f3 el mandatario.&nbsp;<\/p>\n\n\n\n<p>En esa l\u00ednea, remarc\u00f3 la premisa de respaldar a la fuerza de seguridad y sostuvo que la comisar\u00eda debe ser un lugar &#8220;donde la gente se tiene que sentir c\u00f3moda de venir y nuestros polic\u00edas, la mejor polic\u00eda del pa\u00eds, tambi\u00e9n tiene que sentirse c\u00f3moda, contenida y cuidada. Tenemos que cuidar a los que nos cuidan, es la responsabilidad que tengo como gobernador. Los que nos cuidan logran que Entre R\u00edos sea una provincia de paz, de tranquilidad&#8221;.&nbsp;<\/p>\n\n\n\n<p>La ceremonia cont\u00f3 adem\u00e1s con la presencia de la intendenta de Gualeguay, Dora Bogdan; el ministro de Seguridad y Justicia, N\u00e9stor Roncaglia; el legislador nacional, Francisco Morchio; el senador provincial, Casiano Otaegui; otros miembros del gabinete provincial, autoridades de la plana mayor policial y delegaciones de la zona.&nbsp;<\/p>\n\n\n\n<p>Cabe se\u00f1alar que tambi\u00e9n en la oportunidad se hizo entrega de equipamiento y uniformes confeccionados por la Polic\u00eda de Entre R\u00edos.<\/p>\n\n\n\n<figure class=\"wp-block-image size-full\"><img loading=\"lazy\" decoding=\"async\" width=\"1920\" height=\"1280\" src=\"https:\/\/lt15concordia.com.ar\/wp-content\/uploads\/2026\/08\/IMG_4249.jpg\" alt=\"\" class=\"wp-image-60036\" srcset=\"https:\/\/lt15concordia.com.ar\/wp-content\/uploads\/2026\/08\/IMG_4249.jpg 1920w, https:\/\/lt15concordia.com.ar\/wp-content\/uploads\/2026\/08\/IMG_4249-300x200.jpg 300w, https:\/\/lt15concordia.com.ar\/wp-content\/uploads\/2026\/08\/IMG_4249-768x512.jpg 768w, https:\/\/lt15concordia.com.ar\/wp-content\/uploads\/2026\/08\/IMG_4249-1536x1024.jpg 1536w, https:\/\/lt15concordia.com.ar\/wp-content\/uploads\/2026\/08\/IMG_4249-630x420.jpg 630w, https:\/\/lt15concordia.com.ar\/wp-content\/uploads\/2026\/08\/IMG_4249-696x464.jpg 696w, https:\/\/lt15concordia.com.ar\/wp-content\/uploads\/2026\/08\/IMG_4249-1068x712.jpg 1068w\" sizes=\"(max-width: 1920px) 100vw, 1920px\" \/><\/figure>\n\n\n\n<figure class=\"wp-block-image size-full\"><img loading=\"lazy\" decoding=\"async\" width=\"1920\" height=\"1280\" src=\"https:\/\/lt15concordia.com.ar\/wp-content\/uploads\/2026\/08\/IMG_4235.jpg\" alt=\"\" class=\"wp-image-60037\" srcset=\"https:\/\/lt15concordia.com.ar\/wp-content\/uploads\/2026\/08\/IMG_4235.jpg 1920w, https:\/\/lt15concordia.com.ar\/wp-content\/uploads\/2026\/08\/IMG_4235-300x200.jpg 300w, https:\/\/lt15concordia.com.ar\/wp-content\/uploads\/2026\/08\/IMG_4235-768x512.jpg 768w, https:\/\/lt15concordia.com.ar\/wp-content\/uploads\/2026\/08\/IMG_4235-1536x1024.jpg 1536w, https:\/\/lt15concordia.com.ar\/wp-content\/uploads\/2026\/08\/IMG_4235-630x420.jpg 630w, https:\/\/lt15concordia.com.ar\/wp-content\/uploads\/2026\/08\/IMG_4235-696x464.jpg 696w, https:\/\/lt15concordia.com.ar\/wp-content\/uploads\/2026\/08\/IMG_4235-1068x712.jpg 1068w\" sizes=\"(max-width: 1920px) 100vw, 1920px\" \/><\/figure>\n\n\n\n<p><strong>Trabajo articulado<\/strong><\/p>\n\n\n\n<p>Por su parte, Menescardi, valor\u00f3 el respaldo constante de la gesti\u00f3n provincial para concretar metas hist\u00f3ricas en el municipio y destac\u00f3 la representaci\u00f3n institucional en el esquema de seguridad. &#8220;Hoy para nosotros es un d\u00eda muy importante, porque podemos dar gracias y mostrar el trabajo articulado entre municipio y provincia, que trabajando en forma coordinada las cosas se pueden dar&#8221;, sostuvo.&nbsp;<\/p>\n\n\n\n<p>Tambi\u00e9n valor\u00f3 &#8220;que el gobierno de la provincia, a trav\u00e9s del Ministerio de Seguridad, nos ha brindado una posibilidad, que por primera vez en la historia del departamento Gualeguay una mujer con coraje conduce los destinos de la seguridad del departamento. Y General Galarza, por primera vez en la historia, tiene dos mujeres decididas a acompa\u00f1ar a todos los vecinos&#8221;.&nbsp;<\/p>\n\n\n\n<p>En tanto, Roncaglia resalt\u00f3 la impronta de proximidad con la ciudadan\u00eda y el bienestar del personal policial en las dependencias de la provincia. &#8220;Por orden del gobernador nos pidi\u00f3 estar cerca de la gente, y acompa\u00f1ar, sobre todo a nuestro personal, que son seres humanos. El personal policial es un ser humano como cualquiera de ustedes y lo tenemos que cuidar, no maltratar, tratarlo con respeto, y que est\u00e9 en un lugar adecuado para que pueda cumplir con sus funciones. Es estar al lado de la gente, estar al lado de todos los vecinos&#8221;, manifest\u00f3 el titular de la cartera.<\/p>\n\n\n\n<p>Fuente: Gobierno de Entre R\u00edos<\/p>\n","protected":false},"excerpt":{"rendered":"<p>El gobernador Rogelio Frigerio inaugur\u00f3 las obras de remodelaci\u00f3n y la nueva sala de videovigilancia de la comisar\u00eda de General Galarza. En el acto, remarc\u00f3 la importancia de cuidar al personal policial y generar entornos seguros que promuevan la llegada de inversiones a la provincia El Gobierno de Entre R\u00edos habilit\u00f3 los trabajos de ampliaci\u00f3n, [&hellip;]<\/p>\n","protected":false},"author":5,"featured_media":60035,"comment_status":"open","ping_status":"open","sticky":false,"template":"","format":"standard","meta":{"footnotes":""},"categories":[37],"tags":[],"_links":{"self":[{"href":"https:\/\/lt15concordia.com.ar\/index.php\/wp-json\/wp\/v2\/posts\/60034"}],"collection":[{"href":"https:\/\/lt15concordia.com.ar\/index.php\/wp-json\/wp\/v2\/posts"}],"about":[{"href":"https:\/\/lt15concordia.com.ar\/index.php\/wp-json\/wp\/v2\/types\/post"}],"author":[{"embeddable":true,"href":"https:\/\/lt15concordia.com.ar\/index.php\/wp-json\/wp\/v2\/users\/5"}],"replies":[{"embeddable":true,"href":"https:\/\/lt15concordia.com.ar\/index.php\/wp-json\/wp\/v2\/comments?post=60034"}],"version-history":[{"count":1,"href":"https:\/\/lt15concordia.com.ar\/index.php\/wp-json\/wp\/v2\/posts\/60034\/revisions"}],"predecessor-version":[{"id":60038,"href":"https:\/\/lt15concordia.com.ar\/index.php\/wp-json\/wp\/v2\/posts\/60034\/revisions\/60038"}],"wp:featuredmedia":[{"embeddable":true,"href":"https:\/\/lt15concordia.com.ar\/index.php\/wp-json\/wp\/v2\/media\/60035"}],"wp:attachment":[{"href":"https:\/\/lt15concordia.com.ar\/index.php\/wp-json\/wp\/v2\/media?parent=60034"}],"wp:term":[{"taxonomy":"category","embeddable":true,"href":"https:\/\/lt15concordia.com.ar\/index.php\/wp-json\/wp\/v2\/categories?post=60034"},{"taxonomy":"post_tag","embeddable":true,"href":"https:\/\/lt15concordia.com.ar\/index.php\/wp-json\/wp\/v2\/tags?post=60034"}],"curies":[{"name":"wp","href":"https:\/\/api.w.org\/{rel}","templated":true}]}}