{"id":59877,"date":"2026-08-27T16:30:54","date_gmt":"2026-08-27T19:30:54","guid":{"rendered":"https:\/\/lt15concordia.com.ar\/?p=59877"},"modified":"2026-08-27T16:31:04","modified_gmt":"2026-08-27T19:31:04","slug":"entre-rios-declara-emergencia-hidrica-por-el-nino-180-dias-de-alerta","status":"publish","type":"post","link":"https:\/\/lt15concordia.com.ar\/index.php\/2026\/08\/27\/entre-rios-declara-emergencia-hidrica-por-el-nino-180-dias-de-alerta\/","title":{"rendered":"Entre R\u00edos declara emergencia h\u00eddrica por El Ni\u00f1o: 180 d\u00edas de alerta"},"content":{"rendered":"<p>No esperaron a que el agua llegue al cuello. El Gobierno de <strong>Entre R\u00edos<\/strong> declar\u00f3 el estado de <strong>emergencia h\u00eddrica en todo el territorio provincial<\/strong> por un per\u00edodo de <strong>180 d\u00edas<\/strong>, anticip\u00e1ndose al escenario que proyectan los informes t\u00e9cnicos sobre la posible intensificaci\u00f3n del fen\u00f3meno <strong>El Ni\u00f1o<\/strong> en los pr\u00f3ximos meses.<\/p>\n<p>La medida fue formalizada este jueves mediante un decreto publicado en el <strong>Bolet\u00edn Oficial<\/strong>, con la firma del gobernador <strong>Rogelio Frigerio<\/strong> y la totalidad de su gabinete. El documento toma como base un informe de la <strong>Direcci\u00f3n General de Hidr\u00e1ulica y Obras Sanitarias<\/strong>, que advierte sobre una elevada probabilidad de crecidas en los r\u00edos <strong>Paran\u00e1 y Uruguay<\/strong>, lluvias intensas, anegamientos, saturaci\u00f3n de suelos y colapso de sistemas de drenaje.<\/p>\n<p>El decreto es claro en algo que vale la pena subrayar: <strong>la emergencia no confirma que vaya a ocurrir una inundaci\u00f3n<\/strong>, ni determina su magnitud. Es una decisi\u00f3n preventiva frente a un escenario clim\u00e1tico considerado extraordinario, que permite al Estado provincial moverse m\u00e1s r\u00e1pido y con menos burocracia cuando el tiempo apremia. Porque cuando el agua sube, no espera licitaciones.<\/p>\n<p>Entre las acciones habilitadas figuran la <strong>reparaci\u00f3n y refuerzo de defensas costeras<\/strong>, limpieza de alcantarillas, canales y cunetas, adecuaci\u00f3n de sistemas de drenaje, estabilizaci\u00f3n de caminos, puesta en condiciones de <strong>estaciones de bombeo<\/strong> y disponibilidad anticipada de insumos y maquinaria. Las infraestructuras en riesgo identificadas incluyen rutas, puentes, terraplenes y sistemas de <strong>provisi\u00f3n de agua potable<\/strong>.<\/p>\n<p>Un punto que el propio decreto se encarga de aclarar: la emergencia <strong>no habilita de manera autom\u00e1tica ni general la contrataci\u00f3n directa<\/strong>. Cada tr\u00e1mite deber\u00e1 justificar su v\u00ednculo con la emergencia y requerir autorizaci\u00f3n expresa del ministro del \u00e1rea correspondiente. Una salvaguarda que busca evitar que la excepci\u00f3n se convierta en regla.<\/p>\n<p>El decreto fue rubricado por <strong>Frigerio<\/strong> junto a todos sus ministros: <strong>Hern\u00e1n Jacob<\/strong> (Planeamiento e Infraestructura), <strong>Manuel Troncoso<\/strong> (Gobierno y Trabajo), <strong>Fabi\u00e1n Boleas<\/strong> (Econom\u00eda y Servicios P\u00fablicos), <strong>N\u00e9stor Roncaglia<\/strong> (Seguridad y Justicia), <strong>Ver\u00f3nica Berisso<\/strong> (Desarrollo Humano), <strong>Daniel Blanzaco<\/strong> (Salud) y <strong>Guillermo Bernaudo<\/strong> (Desarrollo Econ\u00f3mico).<\/p>\n<p>La Provincia tambi\u00e9n invit\u00f3 formalmente a <strong>municipios y comunas<\/strong> a implementar medidas de prevenci\u00f3n y mitigaci\u00f3n en coordinaci\u00f3n con el gobierno provincial. La historia de las inundaciones en Entre R\u00edos ense\u00f1\u00f3 a golpes que la coordinaci\u00f3n entre niveles del Estado puede ser la diferencia entre el caos y la respuesta organizada. Ahora hay seis meses para demostrarlo.<\/p>\n<p><script type=\"application\/ld+json\">{\"@context\": \"https:\/\/schema.org\", \"@type\": \"NewsArticle\", \"headline\": \"Entre R\u00edos declara emergencia h\u00eddrica por El Ni\u00f1o: 180 d\u00edas de alerta\", \"description\": \"Frigerio firm\u00f3 el decreto que pone en emergencia h\u00eddrica a toda la provincia por seis meses ante la posible intensificaci\u00f3n del fen\u00f3meno El Ni\u00f1o.\", \"datePublished\": \"2026-08-27T16:31:04-03:00\", \"dateModified\": \"2026-08-27T16:31:04-03:00\", \"inLanguage\": \"es-AR\", \"articleSection\": \"politica\", \"author\": {\"@type\": \"Organization\", \"name\": \"Redaccion LT15 Concordia\", \"url\": \"https:\/\/lt15concordia.com.ar\"}, \"publisher\": {\"@type\": \"Organization\", \"name\": \"LT15 Concordia\"}, \"mainEntityOfPage\": {\"@type\": \"WebPage\", \"@id\": \"https:\/\/lt15concordia.com.ar\/index.php\/2026\/08\/27\/entre-rios-declara-emergencia-hidrica-por-el-nino-180-dias-de-alerta\/\"}, \"image\": [\"https:\/\/dosflorines.com.ar\/wp-content\/uploads\/2026\/08\/lluvia-ruta-entre-rios.webp\"]}<\/script><\/p>\n","protected":false},"excerpt":{"rendered":"<p>Frigerio firm\u00f3 el decreto que pone en emergencia h\u00eddrica a toda la provincia por seis meses ante la posible intensificaci\u00f3n del fen\u00f3meno El Ni\u00f1o.<\/p>\n","protected":false},"author":5,"featured_media":59876,"comment_status":"closed","ping_status":"closed","sticky":false,"template":"","format":"standard","meta":{"footnotes":""},"categories":[37],"tags":[2158,1037,63,837,4542,2146],"_links":{"self":[{"href":"https:\/\/lt15concordia.com.ar\/index.php\/wp-json\/wp\/v2\/posts\/59877"}],"collection":[{"href":"https:\/\/lt15concordia.com.ar\/index.php\/wp-json\/wp\/v2\/posts"}],"about":[{"href":"https:\/\/lt15concordia.com.ar\/index.php\/wp-json\/wp\/v2\/types\/post"}],"author":[{"embeddable":true,"href":"https:\/\/lt15concordia.com.ar\/index.php\/wp-json\/wp\/v2\/users\/5"}],"replies":[{"embeddable":true,"href":"https:\/\/lt15concordia.com.ar\/index.php\/wp-json\/wp\/v2\/comments?post=59877"}],"version-history":[{"count":2,"href":"https:\/\/lt15concordia.com.ar\/index.php\/wp-json\/wp\/v2\/posts\/59877\/revisions"}],"predecessor-version":[{"id":59879,"href":"https:\/\/lt15concordia.com.ar\/index.php\/wp-json\/wp\/v2\/posts\/59877\/revisions\/59879"}],"wp:featuredmedia":[{"embeddable":true,"href":"https:\/\/lt15concordia.com.ar\/index.php\/wp-json\/wp\/v2\/media\/59876"}],"wp:attachment":[{"href":"https:\/\/lt15concordia.com.ar\/index.php\/wp-json\/wp\/v2\/media?parent=59877"}],"wp:term":[{"taxonomy":"category","embeddable":true,"href":"https:\/\/lt15concordia.com.ar\/index.php\/wp-json\/wp\/v2\/categories?post=59877"},{"taxonomy":"post_tag","embeddable":true,"href":"https:\/\/lt15concordia.com.ar\/index.php\/wp-json\/wp\/v2\/tags?post=59877"}],"curies":[{"name":"wp","href":"https:\/\/api.w.org\/{rel}","templated":true}]}}