{"id":59758,"date":"2026-08-27T06:31:10","date_gmt":"2026-08-27T09:31:10","guid":{"rendered":"https:\/\/lt15concordia.com.ar\/?p=59758"},"modified":"2026-08-27T06:31:22","modified_gmt":"2026-08-27T09:31:22","slug":"la-industria-entrerriana-entre-la-incertidumbre-y-la-falta-de-credito","status":"publish","type":"post","link":"https:\/\/lt15concordia.com.ar\/index.php\/2026\/08\/27\/la-industria-entrerriana-entre-la-incertidumbre-y-la-falta-de-credito\/","title":{"rendered":"La industria entrerriana: entre la incertidumbre y la falta de cr\u00e9dito"},"content":{"rendered":"<p>Ninguna industria la est\u00e1 pasando bien. Esa es, en s\u00edntesis, la lectura que hace <strong>Claudio Lambert<\/strong>, vicepresidente 2\u00b0 de la <strong>Uni\u00f3n Industrial de Entre R\u00edos (UIER)<\/strong>, sobre el momento que atraviesa el sector en la provincia. &#8220;Entre R\u00edos tiene industrias de distintas ramas a lo largo y a lo ancho de la provincia, y algunas que est\u00e1n un poco mejor, otras que est\u00e1n un poco peor y algunas est\u00e1n mal, pero ninguna escapa al momento que se vive de gran incertidumbre&#8221;, plante\u00f3 sin rodeos.<\/p>\n<p>El diagn\u00f3stico no es uniforme: <strong>los sectores atados al consumo masivo<\/strong> son los que aparecen m\u00e1s resentidos, mientras que los servicios vinculados a la <strong>miner\u00eda y el petr\u00f3leo<\/strong> muestran cierto dinamismo. Pero incluso dentro de un mismo rubro, Lambert aclar\u00f3 que conviven empresas con realidades muy distintas. La foto no es blanco o negro, es un mosaico complicado.<\/p>\n<p>Uno de los puntos m\u00e1s calientes del di\u00e1logo fue la <strong>apertura de importaciones<\/strong>. Lambert no se opuso al intercambio comercial \u2014&#8221;no podemos pretender vender afuera y que nadie nos pueda vender, es como aislarnos nosotros mismos&#8221;\u2014 pero s\u00ed marc\u00f3 una l\u00ednea clara: la industria local necesita <strong>reglas claras y una cancha nivelada<\/strong> en materia impositiva y de acceso al cr\u00e9dito. El problema no es competir; el problema es competir contra productos con precios subsidiados desde otros pa\u00edses, mientras la industria argentina carga con impuestos y sin financiamiento. &#8220;Estamos matando a alguna industria que cuesta much\u00edsimos a\u00f1os hacerla y destruirla un ratito&#8221;, advirti\u00f3.<\/p>\n<p>Sobre la calidad de lo que se produce en la provincia, Lambert fue contundente: la producci\u00f3n entrerriana est\u00e1 &#8220;en su gran mayor\u00eda muy bien, con est\u00e1ndares de muy alta calidad&#8221;. El problema no es la calidad, sino las condiciones de competencia. Frente a econom\u00edas que llevan d\u00e9cadas traccionando con mayor acceso al cr\u00e9dito y m\u00e1s experiencia en comercio internacional, <strong>Argentina lleg\u00f3 tarde y con el mercado hist\u00f3ricamente cerrado<\/strong>, con vol\u00famenes reducidos y una carga impositiva que aplasta a quien quiere salir a vender al mundo.<\/p>\n<p>Consultado por el cierre de empresas \u2014en referencia al caso de f\u00e1bricas de neum\u00e1ticos golpeadas por la importaci\u00f3n\u2014, Lambert fue claro: <strong>&#8220;En Entre R\u00edos no se est\u00e1 dando el cierre masivo de empresas&#8221;<\/strong>. S\u00ed reconoci\u00f3 que siempre hay movimiento \u2014alguna cierra, alguna abre\u2014 pero lo que preocupa es otra cosa: el crecimiento es &#8220;muy lento y despacio&#8221;, y la incertidumbre frena la planificaci\u00f3n de nuevas inversiones. Un dato que no es menor: buena parte de la inversi\u00f3n industrial en la provincia viene de <strong>empresarios locales<\/strong> que siguen apostando, no de capitales externos.<\/p>\n<p>Sobre la <strong>reforma laboral<\/strong>, Lambert aclar\u00f3 que habla a t\u00edtulo personal: la consider\u00f3 &#8220;necesaria pero no suficiente&#8221;. Explic\u00f3 que el debate p\u00fablico instal\u00f3 una idea equivocada \u2014que la reforma facilita despidos\u2014 cuando en realidad apunta a evitar que juicios laborales con indemnizaciones desproporcionadas terminen quebrando empresas enteras y arrastrando otros puestos de trabajo. &#8220;Nadie contrata gente para despedirla&#8221;, remarc\u00f3, y mencion\u00f3 un programa desarrollado en <strong>Concepci\u00f3n del Uruguay<\/strong> junto a UIER Joven para mostrar la necesidad de trabajadores calificados que hoy tiene el sector.<\/p>\n<p>\u00bfQu\u00e9 har\u00eda falta entonces para que la inversi\u00f3n se mueva de verdad? Lambert fue directo: el problema central es la <strong>falta de mercado<\/strong>, y eso se resuelve &#8220;con plata&#8221;, es decir, con mayor acceso al cr\u00e9dito. Argentina tiene un nivel de otorgamiento crediticio muy bajo. A eso se suma la necesidad de reducir la carga impositiva a lo largo de toda la cadena productiva y de avanzar en una apertura comercial ordenada hacia el mundo. Sin esas condiciones, la incertidumbre seguir\u00e1 siendo el \u00fanico horizonte claro para la industria entrerriana.<\/p>\n<p><script type=\"application\/ld+json\">{\"@context\": \"https:\/\/schema.org\", \"@type\": \"NewsArticle\", \"headline\": \"La industria entrerriana: entre la incertidumbre y la falta de cr\u00e9dito\", \"description\": \"El vicepresidente de la UIER advirti\u00f3 que ning\u00fan sector escapa a la incertidumbre y se\u00f1al\u00f3 la falta de cr\u00e9dito y la carga impositiva como los frenos centrales.\", \"datePublished\": \"2026-08-27T06:31:21-03:00\", \"dateModified\": \"2026-08-27T06:31:21-03:00\", \"inLanguage\": \"es-AR\", \"articleSection\": \"economia\", \"author\": {\"@type\": \"Organization\", \"name\": \"Redaccion LT15 Concordia\", \"url\": \"https:\/\/lt15concordia.com.ar\"}, \"publisher\": {\"@type\": \"Organization\", \"name\": \"LT15 Concordia\"}, \"mainEntityOfPage\": {\"@type\": \"WebPage\", \"@id\": \"https:\/\/lt15concordia.com.ar\/index.php\/2026\/08\/27\/la-industria-entrerriana-entre-la-incertidumbre-y-la-falta-de-credito\/\"}, \"image\": [\"https:\/\/dosflorines.com.ar\/wp-content\/uploads\/2026\/06\/claudio-lambert-2026-e1787792771102.jpg\"]}<\/script><\/p>\n","protected":false},"excerpt":{"rendered":"<p>El vicepresidente de la UIER advirti\u00f3 que ning\u00fan sector escapa a la incertidumbre y se\u00f1al\u00f3 la falta de cr\u00e9dito y la carga impositiva como los frenos centrales.<\/p>\n","protected":false},"author":5,"featured_media":59757,"comment_status":"closed","ping_status":"closed","sticky":false,"template":"","format":"standard","meta":{"footnotes":""},"categories":[37],"tags":[2299,43,63,1164,3590,325],"_links":{"self":[{"href":"https:\/\/lt15concordia.com.ar\/index.php\/wp-json\/wp\/v2\/posts\/59758"}],"collection":[{"href":"https:\/\/lt15concordia.com.ar\/index.php\/wp-json\/wp\/v2\/posts"}],"about":[{"href":"https:\/\/lt15concordia.com.ar\/index.php\/wp-json\/wp\/v2\/types\/post"}],"author":[{"embeddable":true,"href":"https:\/\/lt15concordia.com.ar\/index.php\/wp-json\/wp\/v2\/users\/5"}],"replies":[{"embeddable":true,"href":"https:\/\/lt15concordia.com.ar\/index.php\/wp-json\/wp\/v2\/comments?post=59758"}],"version-history":[{"count":2,"href":"https:\/\/lt15concordia.com.ar\/index.php\/wp-json\/wp\/v2\/posts\/59758\/revisions"}],"predecessor-version":[{"id":59760,"href":"https:\/\/lt15concordia.com.ar\/index.php\/wp-json\/wp\/v2\/posts\/59758\/revisions\/59760"}],"wp:featuredmedia":[{"embeddable":true,"href":"https:\/\/lt15concordia.com.ar\/index.php\/wp-json\/wp\/v2\/media\/59757"}],"wp:attachment":[{"href":"https:\/\/lt15concordia.com.ar\/index.php\/wp-json\/wp\/v2\/media?parent=59758"}],"wp:term":[{"taxonomy":"category","embeddable":true,"href":"https:\/\/lt15concordia.com.ar\/index.php\/wp-json\/wp\/v2\/categories?post=59758"},{"taxonomy":"post_tag","embeddable":true,"href":"https:\/\/lt15concordia.com.ar\/index.php\/wp-json\/wp\/v2\/tags?post=59758"}],"curies":[{"name":"wp","href":"https:\/\/api.w.org\/{rel}","templated":true}]}}