{"id":59608,"date":"2026-08-26T16:05:50","date_gmt":"2026-08-26T19:05:50","guid":{"rendered":"https:\/\/lt15concordia.com.ar\/?p=59608"},"modified":"2026-08-26T16:06:03","modified_gmt":"2026-08-26T19:06:03","slug":"instan-a-sostener-las-acciones-contra-el-dengue-durante-el-invierno","status":"publish","type":"post","link":"https:\/\/lt15concordia.com.ar\/index.php\/2026\/08\/26\/instan-a-sostener-las-acciones-contra-el-dengue-durante-el-invierno\/","title":{"rendered":"Instan a sostener las acciones contra el dengue durante el invierno"},"content":{"rendered":"\n<p><strong>En el marco del D\u00eda Internacional de Lucha contra el Dengue, el Ministerio de Salud provincial record\u00f3 la importancia del descacharrado en los meses fr\u00edos para cortar el ciclo del mosquito Aedes aegypti. Adem\u00e1s, se anunci\u00f3 una jornada de capacitaci\u00f3n t\u00e9cnica en Concepci\u00f3n del Uruguay<\/strong><\/p>\n\n\n\n<p>La cartera sanitaria record\u00f3 que la temporada invernal constituye una etapa central para prevenir el dengue, al conmemorarse este 26 de agosto el D\u00eda Internacional de Lucha contra la enfermedad. La estrategia sanitaria provincial apunta a intervenir de manera precoz sobre los huevos depositados por el mosquito Aedes aegypti en recipientes y objetos en desuso antes de la llegada de las temperaturas c\u00e1lidas.<\/p>\n\n\n\n<p>Si bien las bajas temperaturas reducen la presencia de los ejemplares adultos, los huevos pueden sobrevivir varios meses y eclosionar con las primeras lluvias primaverales. Ante las proyecciones meteorol\u00f3gicas vinculadas al fen\u00f3meno de El Ni\u00f1o que prev\u00e9n mayores precipitaciones en la regi\u00f3n, la eliminaci\u00f3n sistem\u00e1tica de potenciales criaderos resulta determinante para mitigar el riesgo de futuros brotes epid\u00e9micos en el territorio.<\/p>\n\n\n\n<p>Para evitar la proliferaci\u00f3n del vector, se recomienda dar vuelta o desechar recipientes acumuladores de agua, tapar tanques y cisternas, limpiar canaletas, cepillar las paredes de los colectores de aire acondicionado y mantener los patios desmalezados. Asimismo, se sugiere reemplazar el agua de los floreros por arena h\u00fameda y gestionar adecuadamente la disposici\u00f3n final de neum\u00e1ticos, botellas y latas en cada espacio domiciliario.<\/p>\n\n\n\n<p><strong>Capacitaci\u00f3n<\/strong><\/p>\n\n\n\n<p>Como parte de las acciones de fortalecimiento t\u00e9cnico, el Programa de Zoonosis y Vectores junto a la Universidad Nacional de Entre R\u00edos (UNER) y el Conicet llevar\u00e1n a cabo una jornada de actualizaci\u00f3n profesional e institucional el viernes 28 de agosto en la ciudad de Concepci\u00f3n del Uruguay.<\/p>\n\n\n\n<p>La actividad, denominada D\u00eda Internacional contra el Dengue: prevenci\u00f3n, vigilancia y compromiso comunitario, se desarrollar\u00e1 de forma presencial y gratuita de 8.30 a 12.30. La propuesta est\u00e1 orientada a la comunidad acad\u00e9mica, profesionales de la salud, agentes ambientales y referentes del sector p\u00fablico, contando con la disertaci\u00f3n de especialistas en epidemiolog\u00eda e investigadores universitarios.<\/p>\n\n\n\n<p>El encuentro abordar\u00e1 la necesidad de articular estrategias coordinadas entre municipios y organismos provinciales ante la expansi\u00f3n territorial del vector, habilit\u00e1ndose el correo electr\u00f3nico martina.villanova@uner.edu.ar para las inscripciones de las y los interesados.<\/p>\n\n\n\n<p>Fuente: Gobierno de Entre R\u00edos<\/p>\n","protected":false},"excerpt":{"rendered":"<p>En el marco del D\u00eda Internacional de Lucha contra el Dengue, el Ministerio de Salud provincial record\u00f3 la importancia del descacharrado en los meses fr\u00edos para cortar el ciclo del mosquito Aedes aegypti. Adem\u00e1s, se anunci\u00f3 una jornada de capacitaci\u00f3n t\u00e9cnica en Concepci\u00f3n del Uruguay La cartera sanitaria record\u00f3 que la temporada invernal constituye una [&hellip;]<\/p>\n","protected":false},"author":5,"featured_media":59609,"comment_status":"open","ping_status":"open","sticky":false,"template":"","format":"standard","meta":{"footnotes":""},"categories":[37],"tags":[],"_links":{"self":[{"href":"https:\/\/lt15concordia.com.ar\/index.php\/wp-json\/wp\/v2\/posts\/59608"}],"collection":[{"href":"https:\/\/lt15concordia.com.ar\/index.php\/wp-json\/wp\/v2\/posts"}],"about":[{"href":"https:\/\/lt15concordia.com.ar\/index.php\/wp-json\/wp\/v2\/types\/post"}],"author":[{"embeddable":true,"href":"https:\/\/lt15concordia.com.ar\/index.php\/wp-json\/wp\/v2\/users\/5"}],"replies":[{"embeddable":true,"href":"https:\/\/lt15concordia.com.ar\/index.php\/wp-json\/wp\/v2\/comments?post=59608"}],"version-history":[{"count":1,"href":"https:\/\/lt15concordia.com.ar\/index.php\/wp-json\/wp\/v2\/posts\/59608\/revisions"}],"predecessor-version":[{"id":59611,"href":"https:\/\/lt15concordia.com.ar\/index.php\/wp-json\/wp\/v2\/posts\/59608\/revisions\/59611"}],"wp:featuredmedia":[{"embeddable":true,"href":"https:\/\/lt15concordia.com.ar\/index.php\/wp-json\/wp\/v2\/media\/59609"}],"wp:attachment":[{"href":"https:\/\/lt15concordia.com.ar\/index.php\/wp-json\/wp\/v2\/media?parent=59608"}],"wp:term":[{"taxonomy":"category","embeddable":true,"href":"https:\/\/lt15concordia.com.ar\/index.php\/wp-json\/wp\/v2\/categories?post=59608"},{"taxonomy":"post_tag","embeddable":true,"href":"https:\/\/lt15concordia.com.ar\/index.php\/wp-json\/wp\/v2\/tags?post=59608"}],"curies":[{"name":"wp","href":"https:\/\/api.w.org\/{rel}","templated":true}]}}