{"id":59542,"date":"2026-08-26T07:30:52","date_gmt":"2026-08-26T10:30:52","guid":{"rendered":"https:\/\/lt15concordia.com.ar\/?p=59542"},"modified":"2026-08-26T07:31:04","modified_gmt":"2026-08-26T10:31:04","slug":"parana-cumple-200-anos-como-ciudad-dos-siglos-de-historia-entrerriana","status":"publish","type":"post","link":"https:\/\/lt15concordia.com.ar\/index.php\/2026\/08\/26\/parana-cumple-200-anos-como-ciudad-dos-siglos-de-historia-entrerriana\/","title":{"rendered":"Paran\u00e1 cumple 200 a\u00f1os como ciudad: dos siglos de historia entrerriana"},"content":{"rendered":"<p>Doscientos a\u00f1os no pasan en vano. <strong>Paran\u00e1<\/strong>, la capital de <strong>Entre R\u00edos<\/strong>, cumple este <strong>2026<\/strong> dos siglos desde su declaraci\u00f3n como ciudad, y el aniversario invita a repasar una trayectoria que excede con creces la historia de una simple localidad ribere\u00f1a.<\/p>\n<p>La ciudad naci\u00f3 a la vera del <strong>r\u00edo Paran\u00e1<\/strong> y fue creciendo de a poco, ganando peso institucional hasta convertirse en uno de los centros pol\u00edticos m\u00e1s relevantes del pa\u00eds en determinados per\u00edodos del siglo XIX. Su rol como <strong>capital de la Confederaci\u00f3n Argentina<\/strong> entre <strong>1853 y 1861<\/strong> le dio una dimensi\u00f3n nacional que pocas ciudades del interior pueden reclamar con tanta legitimidad hist\u00f3rica.<\/p>\n<p>Desde entonces, <strong>Paran\u00e1<\/strong> no par\u00f3 de transformarse. El crecimiento urbano fue acompa\u00f1ado por la consolidaci\u00f3n de instituciones educativas y culturales que la posicionaron como un polo de referencia en toda la regi\u00f3n. Hoy es sede del gobierno provincial, de universidades, de organismos judiciales y de una vida cultural activa que refleja d\u00e9cadas de acumulaci\u00f3n y esfuerzo colectivo.<\/p>\n<p>La identidad paranaense es dif\u00edcil de resumir en pocas l\u00edneas. Es una ciudad que mira al r\u00edo, que tiene barrios con historia, que guarda en su arquitectura las marcas de distintas \u00e9pocas. Cada etapa dej\u00f3 su huella: la colonial, la confederal, la modernizadora de principios del siglo XX, y la expansi\u00f3n de las \u00faltimas d\u00e9cadas que empuj\u00f3 los l\u00edmites del ejido urbano hacia zonas que antes eran campo abierto.<\/p>\n<p>El bicentenario es tambi\u00e9n una oportunidad para pensar hacia adelante. <strong>Doscientos a\u00f1os<\/strong> de historia acumulada son un capital simb\u00f3lico enorme, pero las ciudades no viven del pasado: viven de las decisiones que se toman hoy. Paran\u00e1 llega a esta marca con desaf\u00edos propios de cualquier capital provincial en la Argentina contempor\u00e1nea, y con la responsabilidad de estar a la altura de lo que su historia le exige.<\/p>\n<p><script type=\"application\/ld+json\">{\"@context\": \"https:\/\/schema.org\", \"@type\": \"NewsArticle\", \"headline\": \"Paran\u00e1 cumple 200 a\u00f1os como ciudad: dos siglos de historia entrerriana\", \"description\": \"La capital provincial celebra su bicentenario como ciudad con una historia marcada por el protagonismo nacional y la transformaci\u00f3n urbana.\", \"datePublished\": \"2026-08-26T07:31:03-03:00\", \"dateModified\": \"2026-08-26T07:31:03-03:00\", \"inLanguage\": \"es-AR\", \"articleSection\": \"sociedad\", \"author\": {\"@type\": \"Organization\", \"name\": \"Redaccion LT15 Concordia\", \"url\": \"https:\/\/lt15concordia.com.ar\"}, \"publisher\": {\"@type\": \"Organization\", \"name\": \"LT15 Concordia\"}, \"mainEntityOfPage\": {\"@type\": \"WebPage\", \"@id\": \"https:\/\/lt15concordia.com.ar\/index.php\/2026\/08\/26\/parana-cumple-200-anos-como-ciudad-dos-siglos-de-historia-entrerriana\/\"}, \"image\": [\"https:\/\/elonce-media.elonce.com\/fotos\/2026\/08\/26\/m_1787738860_21391.webp\"]}<\/script><\/p>\n","protected":false},"excerpt":{"rendered":"<p>La capital provincial celebra su bicentenario como ciudad con una historia marcada por el protagonismo nacional y la transformaci\u00f3n urbana.<\/p>\n","protected":false},"author":5,"featured_media":59541,"comment_status":"closed","ping_status":"closed","sticky":false,"template":"","format":"standard","meta":{"footnotes":""},"categories":[37],"tags":[3815,4476,63,2799,67],"_links":{"self":[{"href":"https:\/\/lt15concordia.com.ar\/index.php\/wp-json\/wp\/v2\/posts\/59542"}],"collection":[{"href":"https:\/\/lt15concordia.com.ar\/index.php\/wp-json\/wp\/v2\/posts"}],"about":[{"href":"https:\/\/lt15concordia.com.ar\/index.php\/wp-json\/wp\/v2\/types\/post"}],"author":[{"embeddable":true,"href":"https:\/\/lt15concordia.com.ar\/index.php\/wp-json\/wp\/v2\/users\/5"}],"replies":[{"embeddable":true,"href":"https:\/\/lt15concordia.com.ar\/index.php\/wp-json\/wp\/v2\/comments?post=59542"}],"version-history":[{"count":2,"href":"https:\/\/lt15concordia.com.ar\/index.php\/wp-json\/wp\/v2\/posts\/59542\/revisions"}],"predecessor-version":[{"id":59544,"href":"https:\/\/lt15concordia.com.ar\/index.php\/wp-json\/wp\/v2\/posts\/59542\/revisions\/59544"}],"wp:featuredmedia":[{"embeddable":true,"href":"https:\/\/lt15concordia.com.ar\/index.php\/wp-json\/wp\/v2\/media\/59541"}],"wp:attachment":[{"href":"https:\/\/lt15concordia.com.ar\/index.php\/wp-json\/wp\/v2\/media?parent=59542"}],"wp:term":[{"taxonomy":"category","embeddable":true,"href":"https:\/\/lt15concordia.com.ar\/index.php\/wp-json\/wp\/v2\/categories?post=59542"},{"taxonomy":"post_tag","embeddable":true,"href":"https:\/\/lt15concordia.com.ar\/index.php\/wp-json\/wp\/v2\/tags?post=59542"}],"curies":[{"name":"wp","href":"https:\/\/api.w.org\/{rel}","templated":true}]}}