{"id":59104,"date":"2026-08-24T07:31:29","date_gmt":"2026-08-24T10:31:29","guid":{"rendered":"https:\/\/lt15concordia.com.ar\/?p=59104"},"modified":"2026-08-24T07:31:40","modified_gmt":"2026-08-24T10:31:40","slug":"frigerio-en-hasenkamp-el-campo-necesita-un-estado-que-no-le-ponga-una-pata-en-la-2","status":"publish","type":"post","link":"https:\/\/lt15concordia.com.ar\/index.php\/2026\/08\/24\/frigerio-en-hasenkamp-el-campo-necesita-un-estado-que-no-le-ponga-una-pata-en-la-2\/","title":{"rendered":"Frigerio en Hasenkamp: &#8220;El campo necesita un Estado que no le ponga una pata en la cabeza&#8221;"},"content":{"rendered":"<p>No fue un acto protocolar m\u00e1s. <strong>Rogelio Frigerio<\/strong>, gobernador de Entre R\u00edos, eligi\u00f3 <strong>Hasenkamp<\/strong> para plantar bandera en defensa del sector agropecuario y lanzar una de sus frases m\u00e1s directas en lo que va de su gesti\u00f3n: <strong>&#8220;El campo necesita un Estado que no le ponga una pata en la cabeza&#8221;<\/strong>. La visita coincidi\u00f3 con el <strong>120\u00b0 aniversario de la ciudad<\/strong> y los <strong>60 a\u00f1os de la Sociedad Rural local<\/strong>, una doble celebraci\u00f3n que reuni\u00f3 a productores, dirigentes rurales, autoridades y vecinos.<\/p>\n<p>Frigerio no se guard\u00f3 nada. En su discurso reafirm\u00f3 una postura que viene sosteniendo desde el inicio de su mandato: el Estado debe ser aliado del que produce, no su obst\u00e1culo. <strong>&#8220;En estos 32 meses de gesti\u00f3n estamos intentando ponernos del lado del que produce y entender al Estado como un aliado para crecer y desarrollarnos&#8221;<\/strong>, sostuvo ante los presentes. Y fue m\u00e1s lejos todav\u00eda al hablar de retenciones: <strong>&#8220;Hay que eliminar las malditas retenciones de una vez y para siempre&#8221;<\/strong>, afirm\u00f3 sin eufemismos, en una declaraci\u00f3n que dif\u00edcilmente pase desapercibida en el debate nacional sobre pol\u00edtica agropecuaria.<\/p>\n<p>El mandatario tambi\u00e9n destac\u00f3 algo que suele quedar fuera del radar de la pol\u00edtica: <strong>las nuevas generaciones vinculadas al campo<\/strong>. &#8220;Es un gusto ver c\u00f3mo j\u00f3venes y adolescentes quieren aprender y tienen su futuro puesto en quedarse en la tierra&#8221;, expres\u00f3, en un gesto que apunta a uno de los problemas estructurales del interior entrerriano: la migraci\u00f3n de los j\u00f3venes hacia los centros urbanos.<\/p>\n<p>El <strong>intendente de Hasenkamp, Hern\u00e1n Kisser<\/strong>, no ocult\u00f3 la satisfacci\u00f3n por la visita. <strong>&#8220;Es la cuarta vez que nos visita y creo que es el gobernador que m\u00e1s veces ha venido a la localidad durante una gesti\u00f3n&#8221;<\/strong>, se\u00f1al\u00f3. Una marca que, en una localidad del interior profundo, tiene peso pol\u00edtico y simb\u00f3lico.<\/p>\n<p>Quien tambi\u00e9n habl\u00f3 con claridad fue <strong>Maximiliano M\u00fcller<\/strong>, presidente de la Sociedad Rural de Hasenkamp y vicepresidente de la <strong>Federaci\u00f3n de Asociaciones Rurales de Entre R\u00edos (Farer)<\/strong>: <strong>&#8220;Nunca hab\u00eda venido un gobernador a nuestra exposici\u00f3n&#8221;<\/strong>, reconoci\u00f3, y valor\u00f3 el di\u00e1logo como el camino para resolver los problemas del sector. La presencia de <strong>Sergio Dalcol<\/strong>, presidente de Farer, y de <strong>Jos\u00e9 Colombatto<\/strong>, vicepresidente de <strong>Confederaciones Rurales Argentinas (CRA)<\/strong>, le dio a la jornada una dimensi\u00f3n que excedi\u00f3 lo meramente local.<\/p>\n<p>La exposici\u00f3n de Hasenkamp se convirti\u00f3 as\u00ed en un escenario pol\u00edtico de primer orden: Frigerio apost\u00f3 por el campo como eje de su proyecto de desarrollo provincial, y el campo le devolvi\u00f3 el gesto con presencia, di\u00e1logo y expectativa. Lo que siga depender\u00e1, como siempre, de cu\u00e1nto de lo dicho se traduzca en pol\u00edtica concreta.<\/p>\n<p><script type=\"application\/ld+json\">{\"@context\": \"https:\/\/schema.org\", \"@type\": \"NewsArticle\", \"headline\": \"Frigerio en Hasenkamp: \\\"El campo necesita un Estado que no le ponga una pata en la cabeza\\\"\", \"description\": \"El gobernador visit\u00f3 la exposici\u00f3n rural de Hasenkamp y reclam\u00f3 eliminar las retenciones. La ciudad festej\u00f3 120 a\u00f1os.\", \"datePublished\": \"2026-08-24T07:31:40-03:00\", \"dateModified\": \"2026-08-24T07:31:40-03:00\", \"inLanguage\": \"es-AR\", \"articleSection\": \"politica\", \"author\": {\"@type\": \"Organization\", \"name\": \"Redaccion LT15 Concordia\", \"url\": \"https:\/\/lt15concordia.com.ar\"}, \"publisher\": {\"@type\": \"Organization\", \"name\": \"LT15 Concordia\"}, \"mainEntityOfPage\": {\"@type\": \"WebPage\", \"@id\": \"https:\/\/lt15concordia.com.ar\/index.php\/2026\/08\/24\/frigerio-en-hasenkamp-el-campo-necesita-un-estado-que-no-le-ponga-una-pata-en-la-2\/\"}, \"image\": [\"https:\/\/www.diariojunio.com.ar\/wp-content\/uploads\/2026\/08\/hase-3.jpg\"]}<\/script><\/p>\n","protected":false},"excerpt":{"rendered":"<p>El gobernador visit\u00f3 la exposici\u00f3n rural de Hasenkamp y reclam\u00f3 eliminar las retenciones. La ciudad festej\u00f3 120 a\u00f1os.<\/p>\n","protected":false},"author":5,"featured_media":59103,"comment_status":"closed","ping_status":"closed","sticky":false,"template":"","format":"standard","meta":{"footnotes":""},"categories":[37],"tags":[48,63,837,1853,986,238],"_links":{"self":[{"href":"https:\/\/lt15concordia.com.ar\/index.php\/wp-json\/wp\/v2\/posts\/59104"}],"collection":[{"href":"https:\/\/lt15concordia.com.ar\/index.php\/wp-json\/wp\/v2\/posts"}],"about":[{"href":"https:\/\/lt15concordia.com.ar\/index.php\/wp-json\/wp\/v2\/types\/post"}],"author":[{"embeddable":true,"href":"https:\/\/lt15concordia.com.ar\/index.php\/wp-json\/wp\/v2\/users\/5"}],"replies":[{"embeddable":true,"href":"https:\/\/lt15concordia.com.ar\/index.php\/wp-json\/wp\/v2\/comments?post=59104"}],"version-history":[{"count":2,"href":"https:\/\/lt15concordia.com.ar\/index.php\/wp-json\/wp\/v2\/posts\/59104\/revisions"}],"predecessor-version":[{"id":59106,"href":"https:\/\/lt15concordia.com.ar\/index.php\/wp-json\/wp\/v2\/posts\/59104\/revisions\/59106"}],"wp:featuredmedia":[{"embeddable":true,"href":"https:\/\/lt15concordia.com.ar\/index.php\/wp-json\/wp\/v2\/media\/59103"}],"wp:attachment":[{"href":"https:\/\/lt15concordia.com.ar\/index.php\/wp-json\/wp\/v2\/media?parent=59104"}],"wp:term":[{"taxonomy":"category","embeddable":true,"href":"https:\/\/lt15concordia.com.ar\/index.php\/wp-json\/wp\/v2\/categories?post=59104"},{"taxonomy":"post_tag","embeddable":true,"href":"https:\/\/lt15concordia.com.ar\/index.php\/wp-json\/wp\/v2\/tags?post=59104"}],"curies":[{"name":"wp","href":"https:\/\/api.w.org\/{rel}","templated":true}]}}