{"id":59096,"date":"2026-08-24T06:30:56","date_gmt":"2026-08-24T09:30:56","guid":{"rendered":"https:\/\/lt15concordia.com.ar\/?p=59096"},"modified":"2026-08-24T06:31:07","modified_gmt":"2026-08-24T09:31:07","slug":"frigerio-en-hasenkamp-el-campo-necesita-un-estado-que-no-le-ponga-una-pata-en-la","status":"publish","type":"post","link":"https:\/\/lt15concordia.com.ar\/index.php\/2026\/08\/24\/frigerio-en-hasenkamp-el-campo-necesita-un-estado-que-no-le-ponga-una-pata-en-la\/","title":{"rendered":"Frigerio en Hasenkamp: &#8220;El campo necesita un Estado que no le ponga una pata en la cabeza&#8221;"},"content":{"rendered":"<p>Primera vez en la historia de la Expo Rural de <strong>Hasenkamp<\/strong>: un gobernador entrerriano se par\u00f3 frente a productores, dirigentes rurales y vecinos para decir, sin rodeos, que el campo no necesita un Estado encima sino uno al lado. <strong>Rogelio Frigerio<\/strong> no fue a cortar una cinta: fue a marcar una diferencia pol\u00edtica con gestos y palabras.<\/p>\n<p>La visita coincidi\u00f3 con el <strong>120\u00b0 aniversario de Hasenkamp<\/strong> y los <strong>60 a\u00f1os de la Sociedad Rural<\/strong> local, una doble celebraci\u00f3n que le dio marco a un discurso con tono de campa\u00f1a pero tambi\u00e9n de convicci\u00f3n. &#8220;<strong>Nunca m\u00e1s un gobierno enfrentado con el principal sector productivo de nuestra provincia<\/strong>&#8220;, lanz\u00f3 Frigerio ante el auditorio. Y fue m\u00e1s lejos: uno de los desaf\u00edos centrales de su gesti\u00f3n, dijo, es &#8220;<strong>eliminar las malditas retenciones de una vez y para siempre<\/strong>&#8220;.<\/p>\n<p>En <strong>32 meses de gesti\u00f3n<\/strong>, el mandatario viene construyendo un v\u00ednculo sistem\u00e1tico con las entidades agropecuarias que contrasta, al menos en el discurso, con etapas anteriores de la pol\u00edtica entrerriana. &#8220;Estamos intentando ponernos del lado del que produce y entender al Estado como un aliado para crecer y desarrollarnos&#8221;, sostuvo, en un contexto que \u00e9l mismo defini\u00f3 como &#8220;dif\u00edcil y complejo para todos&#8221;.<\/p>\n<p>El intendente local, <strong>Hern\u00e1n Kisser<\/strong>, cont\u00f3 que Frigerio ya lleva cuatro visitas a Hasenkamp durante su gesti\u00f3n, lo que lo convertir\u00eda en el gobernador que m\u00e1s veces pis\u00f3 la localidad en un mismo mandato. &#8220;Estamos muy felices de que nos acompa\u00f1e siempre en cada hecho importante&#8221;, expres\u00f3 Kisser, quien tambi\u00e9n destac\u00f3 el acompa\u00f1amiento en el marco del aniversario.<\/p>\n<p>El presidente de la <strong>Sociedad Rural de Hasenkamp<\/strong>, <strong>Maximiliano M\u00fcller<\/strong>, fue directo al valorar la presencia: &#8220;Nunca hab\u00eda venido un gobernador a nuestra exposici\u00f3n. Hay muchas cuestiones para charlar y mejorar en materia de producci\u00f3n, pero creo que el camino es el di\u00e1logo&#8221;. M\u00fcller tambi\u00e9n ocupa la vicepresidencia de la <strong>Federaci\u00f3n de Asociaciones Rurales de Entre R\u00edos (Farer)<\/strong>, lo que le da peso institucional a su palabra.<\/p>\n<p>Del encuentro tambi\u00e9n participaron el presidente de <strong>Farer<\/strong>, <strong>Sergio Dalcol<\/strong>, y el vicepresidente de <strong>Confederaciones Rurales Argentinas (CRA)<\/strong>, <strong>Jos\u00e9 Colombatto<\/strong>, junto a productores y dirigentes del sector. Frigerio tambi\u00e9n se tom\u00f3 tiempo para destacar el rol de las nuevas generaciones: &#8220;Es un gusto ver c\u00f3mo j\u00f3venes y adolescentes quieren aprender y tienen su futuro puesto en quedarse en la tierra&#8221;, se\u00f1al\u00f3, apuntando a uno de los problemas estructurales del interior profundo: la fuga de j\u00f3venes hacia los centros urbanos.<\/p>\n<p>La jornada dej\u00f3 una foto pol\u00edtica clara: el gobierno provincial apuesta a consolidar su relaci\u00f3n con el agro entrerriano como uno de los ejes de su identidad de gesti\u00f3n, con la eliminaci\u00f3n de las retenciones como bandera de largo plazo y el di\u00e1logo como m\u00e9todo inmediato.<\/p>\n<p><script type=\"application\/ld+json\">{\"@context\": \"https:\/\/schema.org\", \"@type\": \"NewsArticle\", \"headline\": \"Frigerio en Hasenkamp: \\\"El campo necesita un Estado que no le ponga una pata en la cabeza\\\"\", \"description\": \"El gobernador Frigerio visit\u00f3 la Expo Rural de Hasenkamp y reclam\u00f3 eliminar las retenciones. Fue la primera vez que un gobernador asisti\u00f3 a esa exposici\u00f3n.\", \"datePublished\": \"2026-08-24T06:31:07-03:00\", \"dateModified\": \"2026-08-24T06:31:07-03:00\", \"inLanguage\": \"es-AR\", \"articleSection\": \"politica\", \"author\": {\"@type\": \"Organization\", \"name\": \"Redaccion LT15 Concordia\", \"url\": \"https:\/\/lt15concordia.com.ar\"}, \"publisher\": {\"@type\": \"Organization\", \"name\": \"LT15 Concordia\"}, \"mainEntityOfPage\": {\"@type\": \"WebPage\", \"@id\": \"https:\/\/lt15concordia.com.ar\/index.php\/2026\/08\/24\/frigerio-en-hasenkamp-el-campo-necesita-un-estado-que-no-le-ponga-una-pata-en-la\/\"}, \"image\": [\"https:\/\/dosflorines.com.ar\/wp-content\/uploads\/2026\/08\/frigerio-en-hasenkamp.jpg\"]}<\/script><\/p>\n","protected":false},"excerpt":{"rendered":"<p>El gobernador Frigerio visit\u00f3 la Expo Rural de Hasenkamp y reclam\u00f3 eliminar las retenciones. Fue la primera vez que un gobernador asisti\u00f3 a esa exposici\u00f3n.<\/p>\n","protected":false},"author":5,"featured_media":59095,"comment_status":"closed","ping_status":"closed","sticky":false,"template":"","format":"standard","meta":{"footnotes":""},"categories":[37],"tags":[63,640,837,1853,986,3030],"_links":{"self":[{"href":"https:\/\/lt15concordia.com.ar\/index.php\/wp-json\/wp\/v2\/posts\/59096"}],"collection":[{"href":"https:\/\/lt15concordia.com.ar\/index.php\/wp-json\/wp\/v2\/posts"}],"about":[{"href":"https:\/\/lt15concordia.com.ar\/index.php\/wp-json\/wp\/v2\/types\/post"}],"author":[{"embeddable":true,"href":"https:\/\/lt15concordia.com.ar\/index.php\/wp-json\/wp\/v2\/users\/5"}],"replies":[{"embeddable":true,"href":"https:\/\/lt15concordia.com.ar\/index.php\/wp-json\/wp\/v2\/comments?post=59096"}],"version-history":[{"count":2,"href":"https:\/\/lt15concordia.com.ar\/index.php\/wp-json\/wp\/v2\/posts\/59096\/revisions"}],"predecessor-version":[{"id":59098,"href":"https:\/\/lt15concordia.com.ar\/index.php\/wp-json\/wp\/v2\/posts\/59096\/revisions\/59098"}],"wp:featuredmedia":[{"embeddable":true,"href":"https:\/\/lt15concordia.com.ar\/index.php\/wp-json\/wp\/v2\/media\/59095"}],"wp:attachment":[{"href":"https:\/\/lt15concordia.com.ar\/index.php\/wp-json\/wp\/v2\/media?parent=59096"}],"wp:term":[{"taxonomy":"category","embeddable":true,"href":"https:\/\/lt15concordia.com.ar\/index.php\/wp-json\/wp\/v2\/categories?post=59096"},{"taxonomy":"post_tag","embeddable":true,"href":"https:\/\/lt15concordia.com.ar\/index.php\/wp-json\/wp\/v2\/tags?post=59096"}],"curies":[{"name":"wp","href":"https:\/\/api.w.org\/{rel}","templated":true}]}}