{"id":58665,"date":"2026-08-21T14:31:51","date_gmt":"2026-08-21T17:31:51","guid":{"rendered":"https:\/\/lt15concordia.com.ar\/?p=58665"},"modified":"2026-08-21T14:32:03","modified_gmt":"2026-08-21T17:32:03","slug":"justicia-ratifica-amparo-prohiben-alimentos-con-sellos-en-comedores-escolares-de","status":"publish","type":"post","link":"https:\/\/lt15concordia.com.ar\/index.php\/2026\/08\/21\/justicia-ratifica-amparo-prohiben-alimentos-con-sellos-en-comedores-escolares-de\/","title":{"rendered":"Justicia ratifica amparo: proh\u00edben alimentos con sellos en comedores escolares de Entre R\u00edos"},"content":{"rendered":"<p>La Justicia entrerriana le puso un freno claro al gobierno provincial: <strong>ratific\u00f3 el amparo colectivo contra la centralizaci\u00f3n de alimentos para comedores escolares<\/strong> y orden\u00f3 que no se distribuyan en desayunos y meriendas productos que lleven <strong>sellos de advertencia nutricional<\/strong>. El fallo no deja margen de interpretaci\u00f3n.<\/p>\n<p>La resoluci\u00f3n judicial sostuvo que la <strong>Ley de Alimentaci\u00f3n Saludable<\/strong> es de aplicaci\u00f3n inmediata, lo que significa que la Provincia no puede ignorarla ni demorar su cumplimiento bajo ning\u00fan argumento administrativo o log\u00edstico. Si la ley existe, rige. As\u00ed de simple, as\u00ed de contundente.<\/p>\n<p>El centro del debate es la <strong>centralizaci\u00f3n del sistema de distribuci\u00f3n de alimentos<\/strong> para los comedores escolares, una pol\u00edtica que ven\u00eda siendo cuestionada desde distintos sectores. El amparo colectivo buscaba, precisamente, que esa centralizaci\u00f3n no se convirtiera en una puerta de entrada para productos de baja calidad nutricional en las mesas donde comen los chicos m\u00e1s vulnerables del sistema educativo provincial.<\/p>\n<p>Los <strong>sellos de advertencia<\/strong> \u2014esos oct\u00f3gonos negros que indican exceso de az\u00facar, sodio, grasas saturadas o calor\u00edas\u2014 son, en este contexto, la l\u00ednea que la Justicia traz\u00f3: ning\u00fan producto que los lleve puede llegar a un comedor escolar entrerriano en el marco del desayuno o la merienda. No es una recomendaci\u00f3n. Es una orden judicial.<\/p>\n<p>La pregunta que queda flotando es qu\u00e9 tan preparada est\u00e1 la cadena de distribuci\u00f3n provincial para cumplir con este est\u00e1ndar sin afectar la continuidad del servicio. Los comedores escolares son, para miles de familias entrerrianas, mucho m\u00e1s que un complemento alimentario: son, en muchos casos, la comida m\u00e1s segura del d\u00eda de un ni\u00f1o. Eso no es menor y la Justicia, con este fallo, parece haberlo entendido bien.<\/p>\n<p>La Provincia deber\u00e1 ajustar su operativa de compras y distribuci\u00f3n para adecuarse al fallo, que tiene vigencia inmediata. El incumplimiento podr\u00eda derivar en nuevas instancias judiciales y en sanciones para los funcionarios responsables del \u00e1rea.<\/p>\n<p><script type=\"application\/ld+json\">{\"@context\": \"https:\/\/schema.org\", \"@type\": \"NewsArticle\", \"headline\": \"Justicia ratifica amparo: proh\u00edben alimentos con sellos en comedores escolares de Entre R\u00edos\", \"description\": \"Un fallo judicial ratific\u00f3 el amparo contra la centralizaci\u00f3n de alimentos y orden\u00f3 a la Provincia no distribuir productos con sellos de advertencia en desayunos y meriendas escolares.\", \"datePublished\": \"2026-08-21T14:32:02-03:00\", \"dateModified\": \"2026-08-21T14:32:02-03:00\", \"inLanguage\": \"es-AR\", \"articleSection\": \"educacion\", \"author\": {\"@type\": \"Organization\", \"name\": \"Redaccion LT15 Concordia\", \"url\": \"https:\/\/lt15concordia.com.ar\"}, \"publisher\": {\"@type\": \"Organization\", \"name\": \"LT15 Concordia\"}, \"mainEntityOfPage\": {\"@type\": \"WebPage\", \"@id\": \"https:\/\/lt15concordia.com.ar\/index.php\/2026\/08\/21\/justicia-ratifica-amparo-prohiben-alimentos-con-sellos-en-comedores-escolares-de\/\"}, \"image\": [\"https:\/\/elonce-media.elonce.com\/fotos\/2026\/08\/05\/m_1785927949_97196.webp\"]}<\/script><\/p>\n","protected":false},"excerpt":{"rendered":"<p>Un fallo judicial ratific\u00f3 el amparo contra la centralizaci\u00f3n de alimentos y orden\u00f3 a la Provincia no distribuir productos con sellos de advertencia en desayunos y meriendas escolares.<\/p>\n","protected":false},"author":5,"featured_media":58664,"comment_status":"closed","ping_status":"closed","sticky":false,"template":"","format":"standard","meta":{"footnotes":""},"categories":[37],"tags":[3059,3313,2662,63,150,4270],"_links":{"self":[{"href":"https:\/\/lt15concordia.com.ar\/index.php\/wp-json\/wp\/v2\/posts\/58665"}],"collection":[{"href":"https:\/\/lt15concordia.com.ar\/index.php\/wp-json\/wp\/v2\/posts"}],"about":[{"href":"https:\/\/lt15concordia.com.ar\/index.php\/wp-json\/wp\/v2\/types\/post"}],"author":[{"embeddable":true,"href":"https:\/\/lt15concordia.com.ar\/index.php\/wp-json\/wp\/v2\/users\/5"}],"replies":[{"embeddable":true,"href":"https:\/\/lt15concordia.com.ar\/index.php\/wp-json\/wp\/v2\/comments?post=58665"}],"version-history":[{"count":2,"href":"https:\/\/lt15concordia.com.ar\/index.php\/wp-json\/wp\/v2\/posts\/58665\/revisions"}],"predecessor-version":[{"id":58667,"href":"https:\/\/lt15concordia.com.ar\/index.php\/wp-json\/wp\/v2\/posts\/58665\/revisions\/58667"}],"wp:featuredmedia":[{"embeddable":true,"href":"https:\/\/lt15concordia.com.ar\/index.php\/wp-json\/wp\/v2\/media\/58664"}],"wp:attachment":[{"href":"https:\/\/lt15concordia.com.ar\/index.php\/wp-json\/wp\/v2\/media?parent=58665"}],"wp:term":[{"taxonomy":"category","embeddable":true,"href":"https:\/\/lt15concordia.com.ar\/index.php\/wp-json\/wp\/v2\/categories?post=58665"},{"taxonomy":"post_tag","embeddable":true,"href":"https:\/\/lt15concordia.com.ar\/index.php\/wp-json\/wp\/v2\/tags?post=58665"}],"curies":[{"name":"wp","href":"https:\/\/api.w.org\/{rel}","templated":true}]}}