{"id":58627,"date":"2026-08-21T11:31:07","date_gmt":"2026-08-21T14:31:07","guid":{"rendered":"https:\/\/lt15concordia.com.ar\/?p=58627"},"modified":"2026-08-21T11:31:19","modified_gmt":"2026-08-21T14:31:19","slug":"entre-rios-entre-las-provincias-con-mas-suicidios-como-funciona-el-135","status":"publish","type":"post","link":"https:\/\/lt15concordia.com.ar\/index.php\/2026\/08\/21\/entre-rios-entre-las-provincias-con-mas-suicidios-como-funciona-el-135\/","title":{"rendered":"Entre R\u00edos, entre las provincias con m\u00e1s suicidios: c\u00f3mo funciona el 135"},"content":{"rendered":"<p>Los n\u00fameros no mienten, aunque duelan. <strong>Entre R\u00edos<\/strong> se ubica entre las provincias con las tasas de suicidio m\u00e1s elevadas del pa\u00eds, con registros que llegan a <strong>20,8 casos cada 100.000 habitantes<\/strong>, el valor m\u00e1s alto del territorio nacional seg\u00fan los datos del <strong>Ministerio de Salud<\/strong>. Y mientras la discusi\u00f3n pol\u00edtica sobre la emergencia en salud mental sigue abierta, hay un recurso concreto que funciona: la <strong>L\u00ednea 135<\/strong>.<\/p>\n<p>El dispositivo opera <strong>las 24 horas, los siete d\u00edas de la semana<\/strong>, y es atendido exclusivamente por profesionales de la salud mental. No es una l\u00ednea para pedir turnos ni para derivar pacientes de manera autom\u00e1tica. Su funci\u00f3n es escuchar, contener y evaluar a quienes atraviesan una crisis, y tambi\u00e9n orientar a familiares que no saben c\u00f3mo actuar cuando alguien cercano necesita ayuda urgente.<\/p>\n<p>La responsable del programa explic\u00f3 que los profesionales realizan una <strong>evaluaci\u00f3n situacional<\/strong> de cada caso: analizan el riesgo y determinan la intervenci\u00f3n m\u00e1s adecuada. Hay situaciones que requieren una respuesta inmediata del sistema sanitario, otras que se resuelven con seguimiento interno, y otras donde se articula directamente con los efectores de salud de la provincia. <strong>&#8220;Cuando es necesario articular con el Felipe Heras, se articula con el Felipe Heras. Cuando es necesario articular con el Masvernat, se articula con el Masvernat&#8221;<\/strong>, precis\u00f3, aclarando que la red no se limita a Concordia sino que abarca cualquier punto de Entre R\u00edos.<\/p>\n<p>La menci\u00f3n a <strong>Concordia<\/strong> no es casual. La <strong>Asociaci\u00f3n de Pastores Unidos de Concordia (APUC)<\/strong> volvi\u00f3 a reclamar esta semana una mayor intervenci\u00f3n del Estado y pidi\u00f3 que se declare la emergencia en salud mental. Un proyecto presentado por el concejal <strong>Pablo Bovino (PJ)<\/strong> en abril pasado para crear un sistema municipal de prevenci\u00f3n permanece sin avanzar por falta de recursos. Desde APUC aseguraron que hubo <strong>30 casos en lo que va del a\u00f1o<\/strong> en la ciudad, aunque desde el programa remitieron a los datos oficiales de la Sala de Situaci\u00f3n del Ministerio de Salud para contrastar esa cifra.<\/p>\n<p>El cuadro provincial se enmarca en una tendencia que viene de lejos. Desde <strong>2001 hasta 2017<\/strong>, la mortalidad por suicidio en Entre R\u00edos creci\u00f3 un <strong>52 por ciento<\/strong>, en l\u00ednea con lo registrado a nivel nacional y mundial. La pandemia agrav\u00f3 a\u00fan m\u00e1s la situaci\u00f3n: despu\u00e9s de <strong>2020<\/strong>, todo lo relacionado con la salud mental se increment\u00f3 en los servicios de salud de la provincia. El gobierno provincial declar\u00f3 la urgencia en salud mental con el objetivo de fortalecer la red sanitaria, aunque los resultados de esa declaraci\u00f3n todav\u00eda est\u00e1n en proceso.<\/p>\n<p>A nivel nacional, <strong>2025<\/strong> acumul\u00f3 la mayor cantidad de muertes por suicidio de los \u00faltimos nueve a\u00f1os. Argentina ya cuadruplic\u00f3 en frecuencia los decesos por delitos dolosos y se posicion\u00f3 como el <strong>segundo pa\u00eds de la regi\u00f3n<\/strong> con las tasas m\u00e1s altas, detr\u00e1s de Uruguay y por delante de Chile. En ese mapa, Entre R\u00edos aparece en el extremo m\u00e1s cr\u00edtico del pa\u00eds. La L\u00ednea <strong>135<\/strong> es gratuita, confidencial y est\u00e1 disponible para cualquier persona en crisis o para quien necesite ayuda para acompa\u00f1ar a alguien que la atraviesa.<\/p>\n<p><script type=\"application\/ld+json\">{\"@context\": \"https:\/\/schema.org\", \"@type\": \"NewsArticle\", \"headline\": \"Entre R\u00edos, entre las provincias con m\u00e1s suicidios: c\u00f3mo funciona el 135\", \"description\": \"La provincia registra hasta 20,8 casos cada 100.000 habitantes. La L\u00ednea 135 atiende las 24 horas con profesionales en salud mental.\", \"datePublished\": \"2026-08-21T11:31:19-03:00\", \"dateModified\": \"2026-08-21T11:31:19-03:00\", \"inLanguage\": \"es-AR\", \"articleSection\": \"salud\", \"author\": {\"@type\": \"Organization\", \"name\": \"Redaccion LT15 Concordia\", \"url\": \"https:\/\/lt15concordia.com.ar\"}, \"publisher\": {\"@type\": \"Organization\", \"name\": \"LT15 Concordia\"}, \"mainEntityOfPage\": {\"@type\": \"WebPage\", \"@id\": \"https:\/\/lt15concordia.com.ar\/index.php\/2026\/08\/21\/entre-rios-entre-las-provincias-con-mas-suicidios-como-funciona-el-135\/\"}, \"image\": [\"https:\/\/www.diariojunio.com.ar\/wp-content\/uploads\/2026\/08\/DELFINA-NOE-2.jpg\"]}<\/script><\/p>\n","protected":false},"excerpt":{"rendered":"<p>La provincia registra hasta 20,8 casos cada 100.000 habitantes. La L\u00ednea 135 atiende las 24 horas con profesionales en salud mental.<\/p>\n","protected":false},"author":5,"featured_media":58626,"comment_status":"closed","ping_status":"closed","sticky":false,"template":"","format":"standard","meta":{"footnotes":""},"categories":[37],"tags":[41,2264,63,4257,1256,3360],"_links":{"self":[{"href":"https:\/\/lt15concordia.com.ar\/index.php\/wp-json\/wp\/v2\/posts\/58627"}],"collection":[{"href":"https:\/\/lt15concordia.com.ar\/index.php\/wp-json\/wp\/v2\/posts"}],"about":[{"href":"https:\/\/lt15concordia.com.ar\/index.php\/wp-json\/wp\/v2\/types\/post"}],"author":[{"embeddable":true,"href":"https:\/\/lt15concordia.com.ar\/index.php\/wp-json\/wp\/v2\/users\/5"}],"replies":[{"embeddable":true,"href":"https:\/\/lt15concordia.com.ar\/index.php\/wp-json\/wp\/v2\/comments?post=58627"}],"version-history":[{"count":2,"href":"https:\/\/lt15concordia.com.ar\/index.php\/wp-json\/wp\/v2\/posts\/58627\/revisions"}],"predecessor-version":[{"id":58629,"href":"https:\/\/lt15concordia.com.ar\/index.php\/wp-json\/wp\/v2\/posts\/58627\/revisions\/58629"}],"wp:featuredmedia":[{"embeddable":true,"href":"https:\/\/lt15concordia.com.ar\/index.php\/wp-json\/wp\/v2\/media\/58626"}],"wp:attachment":[{"href":"https:\/\/lt15concordia.com.ar\/index.php\/wp-json\/wp\/v2\/media?parent=58627"}],"wp:term":[{"taxonomy":"category","embeddable":true,"href":"https:\/\/lt15concordia.com.ar\/index.php\/wp-json\/wp\/v2\/categories?post=58627"},{"taxonomy":"post_tag","embeddable":true,"href":"https:\/\/lt15concordia.com.ar\/index.php\/wp-json\/wp\/v2\/tags?post=58627"}],"curies":[{"name":"wp","href":"https:\/\/api.w.org\/{rel}","templated":true}]}}