{"id":58619,"date":"2026-08-21T10:32:05","date_gmt":"2026-08-21T13:32:05","guid":{"rendered":"https:\/\/lt15concordia.com.ar\/?p=58619"},"modified":"2026-08-21T10:32:17","modified_gmt":"2026-08-21T13:32:17","slug":"entre-rios-reune-a-40-estudiantes-en-la-semana-del-emprendimiento","status":"publish","type":"post","link":"https:\/\/lt15concordia.com.ar\/index.php\/2026\/08\/21\/entre-rios-reune-a-40-estudiantes-en-la-semana-del-emprendimiento\/","title":{"rendered":"Entre R\u00edos re\u00fane a 40 estudiantes en la Semana del Emprendimiento"},"content":{"rendered":"<p>Cuarenta estudiantes universitarios entrerrianos van a pararse frente a un jurado de especialistas y defender sus proyectos. No es un ejercicio de aula: es la final del <strong>Desaf\u00edo de Innovaci\u00f3n Entre R\u00edos 2026<\/strong>, el punto m\u00e1s alto de una <strong>Semana del Emprendimiento e Innovaci\u00f3n<\/strong> que promete ser la edici\u00f3n m\u00e1s ambiciosa hasta ahora.<\/p>\n<p>El <strong>Consorcio AFIDEER<\/strong> confirm\u00f3 que las actividades se desarrollar\u00e1n los d\u00edas <strong>1, 2 y 3 de septiembre<\/strong>, con sede en <strong>Villa Libertador San Mart\u00edn y Paran\u00e1<\/strong>. Tres jornadas que van a combinar conferencias, paneles, casos de \u00e9xito y espacios de vinculaci\u00f3n entre estudiantes, empresas y referentes del ecosistema de innovaci\u00f3n de la provincia.<\/p>\n<p>Los <strong>m\u00e1s de 40 estudiantes<\/strong> que llegan a la instancia final representan a las <strong>cinco universidades entrerrianas<\/strong> que integran AFIDEER. Llegaron hasta ac\u00e1 despu\u00e9s de un proceso que arranc\u00f3 con <strong>m\u00e1s de 200 inscriptos<\/strong>, pas\u00f3 por talleres, mentor\u00edas y conformaci\u00f3n de equipos interdisciplinarios, y culmina el <strong>jueves 3 de septiembre<\/strong> con una ronda de pitches ante un jurado especializado.<\/p>\n<p>La lista de disertantes confirmados tiene peso: <strong>Patricia Debeljuh<\/strong>, doctora en Filosof\u00eda y directora del Centro Conciliaci\u00f3n Familia y Empresa del IAE Business School de la <strong>Universidad Austral<\/strong>; <strong>Sergio Candelo<\/strong>, economista y cofundador de Snoop Consulting; <strong>David Garc\u00eda P\u00e1ez<\/strong>, especialista internacional en bioseguridad aplicada a producci\u00f3n animal; <strong>Victoria Nagel<\/strong>, cofundadora de Infira y secretaria de Innovaci\u00f3n de la Municipalidad de Esperanza; <strong>Octavio Gaspar<\/strong>, gerente general de Ovobrand; y <strong>Eduardo Matozo<\/strong>, gerente del Parque Tecnol\u00f3gico Litoral Centro y exministro de Ciencia y Tecnolog\u00eda de Santa Fe.<\/p>\n<p>El jurado de la final no es menos exigente: lo integran especialistas con experiencia en <strong>tecnolog\u00eda, venture capital, gesti\u00f3n empresarial y vinculaci\u00f3n tecnol\u00f3gica<\/strong>, entre ellos <strong>Agust\u00edn Arias<\/strong> (COO de Argeniss Software), <strong>Brenda Rojas<\/strong> (mentora de negocios y referente de aceleraci\u00f3n de startups) y <strong>Maia Dordevic<\/strong>, estratega de innovaci\u00f3n y fundadora de Innomy Consult.<\/p>\n<p>La apuesta tiene adem\u00e1s una dimensi\u00f3n internacional: los equipos ganadores podr\u00e1n viajar a <strong>Panam\u00e1<\/strong> para participar del <strong>Congreso Internacional de AFIDE 2026<\/strong>, donde presentar\u00e1n sus proyectos ante referentes del ecosistema emprendedor global. Una ventana que pocas iniciativas universitarias de la regi\u00f3n pueden ofrecer.<\/p>\n<p>El evento cuenta con el respaldo de empresas patrocinadoras como <strong>Leiva Hnos., Dimarbo, COOPAR, La Agr\u00edcola Regional Coop. Ltda., Tecnovo y MiradorTEC<\/strong>, instituciones que eligieron apostar al desarrollo del emprendedorismo entrerriano con inversi\u00f3n concreta. La agenda completa y los detalles de inscripci\u00f3n est\u00e1n disponibles a trav\u00e9s del consorcio organizador.<\/p>\n<p><script type=\"application\/ld+json\">{\"@context\": \"https:\/\/schema.org\", \"@type\": \"NewsArticle\", \"headline\": \"Entre R\u00edos re\u00fane a 40 estudiantes en la Semana del Emprendimiento\", \"description\": \"Del 1 al 3 de septiembre, Villa Libertador San Mart\u00edn y Paran\u00e1 ser\u00e1n sede del evento con pitches, conferencias y proyecci\u00f3n internacional.\", \"datePublished\": \"2026-08-21T10:32:16-03:00\", \"dateModified\": \"2026-08-21T10:32:16-03:00\", \"inLanguage\": \"es-AR\", \"articleSection\": \"educacion\", \"author\": {\"@type\": \"Organization\", \"name\": \"Redaccion LT15 Concordia\", \"url\": \"https:\/\/lt15concordia.com.ar\"}, \"publisher\": {\"@type\": \"Organization\", \"name\": \"LT15 Concordia\"}, \"mainEntityOfPage\": {\"@type\": \"WebPage\", \"@id\": \"https:\/\/lt15concordia.com.ar\/index.php\/2026\/08\/21\/entre-rios-reune-a-40-estudiantes-en-la-semana-del-emprendimiento\/\"}, \"image\": [\"https:\/\/dosflorines.com.ar\/wp-content\/uploads\/2026\/08\/estudiantes-semana-emprendimiento.jpeg\"]}<\/script><\/p>\n","protected":false},"excerpt":{"rendered":"<p>Del 1 al 3 de septiembre, Villa Libertador San Mart\u00edn y Paran\u00e1 ser\u00e1n sede del evento con pitches, conferencias y proyecci\u00f3n internacional.<\/p>\n","protected":false},"author":5,"featured_media":58618,"comment_status":"closed","ping_status":"closed","sticky":false,"template":"","format":"standard","meta":{"footnotes":""},"categories":[37],"tags":[2394,2528,63,746,67,2391],"_links":{"self":[{"href":"https:\/\/lt15concordia.com.ar\/index.php\/wp-json\/wp\/v2\/posts\/58619"}],"collection":[{"href":"https:\/\/lt15concordia.com.ar\/index.php\/wp-json\/wp\/v2\/posts"}],"about":[{"href":"https:\/\/lt15concordia.com.ar\/index.php\/wp-json\/wp\/v2\/types\/post"}],"author":[{"embeddable":true,"href":"https:\/\/lt15concordia.com.ar\/index.php\/wp-json\/wp\/v2\/users\/5"}],"replies":[{"embeddable":true,"href":"https:\/\/lt15concordia.com.ar\/index.php\/wp-json\/wp\/v2\/comments?post=58619"}],"version-history":[{"count":2,"href":"https:\/\/lt15concordia.com.ar\/index.php\/wp-json\/wp\/v2\/posts\/58619\/revisions"}],"predecessor-version":[{"id":58621,"href":"https:\/\/lt15concordia.com.ar\/index.php\/wp-json\/wp\/v2\/posts\/58619\/revisions\/58621"}],"wp:featuredmedia":[{"embeddable":true,"href":"https:\/\/lt15concordia.com.ar\/index.php\/wp-json\/wp\/v2\/media\/58618"}],"wp:attachment":[{"href":"https:\/\/lt15concordia.com.ar\/index.php\/wp-json\/wp\/v2\/media?parent=58619"}],"wp:term":[{"taxonomy":"category","embeddable":true,"href":"https:\/\/lt15concordia.com.ar\/index.php\/wp-json\/wp\/v2\/categories?post=58619"},{"taxonomy":"post_tag","embeddable":true,"href":"https:\/\/lt15concordia.com.ar\/index.php\/wp-json\/wp\/v2\/tags?post=58619"}],"curies":[{"name":"wp","href":"https:\/\/api.w.org\/{rel}","templated":true}]}}