{"id":58611,"date":"2026-08-21T09:32:31","date_gmt":"2026-08-21T12:32:31","guid":{"rendered":"https:\/\/lt15concordia.com.ar\/?p=58611"},"modified":"2026-08-21T09:32:42","modified_gmt":"2026-08-21T12:32:42","slug":"caso-cerimedo-piden-prision-preventiva-sin-limite-por-la-emboscada-a-su-novia","status":"publish","type":"post","link":"https:\/\/lt15concordia.com.ar\/index.php\/2026\/08\/21\/caso-cerimedo-piden-prision-preventiva-sin-limite-por-la-emboscada-a-su-novia\/","title":{"rendered":"Caso Cerimedo: piden prisi\u00f3n preventiva sin l\u00edmite por la emboscada a su novia"},"content":{"rendered":"<p>El expediente que tiene en el centro al <strong>exasesor de Javier Milei, Cerimedo<\/strong>, dio un giro contundente este <strong>viernes 21 de agosto<\/strong>: la fiscal\u00eda pidi\u00f3 que quede preso de manera preventiva <strong>sin l\u00edmite de tiempo<\/strong>, y si eso no prosperara, que se aplique el m\u00e1ximo legal de <strong>180 d\u00edas<\/strong> de detenci\u00f3n preventiva.<\/p>\n<p>El documento presentado por los fiscales es directo y sin vueltas: seg\u00fan la acusaci\u00f3n, <strong>Cerimedo dirigi\u00f3 una emboscada<\/strong> con el objetivo de matar a su novia. El m\u00f3vil que se\u00f1ala la investigaci\u00f3n es tan crudo como revelador: <strong>el embarazo de la v\u00edctima<\/strong> habr\u00eda sido el detonante del plan.<\/p>\n<p>La figura de <strong>prisi\u00f3n preventiva sin l\u00edmite<\/strong> es una herramienta de m\u00e1xima gravedad dentro del sistema procesal, y que la fiscal\u00eda la solicite desde el arranque habla de la solidez que los investigadores creen tener en su expediente. No es un pedido menor ni rutinario: implica que el acusado representa, a criterio del Ministerio P\u00fablico, un riesgo real de fuga o de entorpecimiento de la investigaci\u00f3n.<\/p>\n<p>El caso sacudi\u00f3 al entorno del gobierno nacional desde que se conoci\u00f3 la vinculaci\u00f3n de <strong>Cerimedo con la administraci\u00f3n Milei<\/strong>, donde se desempe\u00f1\u00f3 como asesor antes de que estallara el esc\u00e1ndalo. La causa involucra un ataque a balazos que, seg\u00fan la acusaci\u00f3n, no fue un hecho espont\u00e1neo sino una operaci\u00f3n planificada.<\/p>\n<p>La investigaci\u00f3n contin\u00faa avanzando y la resoluci\u00f3n sobre la prisi\u00f3n preventiva definir\u00e1 el marco en el que se desarrollar\u00e1n las pr\u00f3ximas etapas del proceso judicial.<\/p>\n<p><script type=\"application\/ld+json\">{\"@context\": \"https:\/\/schema.org\", \"@type\": \"NewsArticle\", \"headline\": \"Caso Cerimedo: piden prisi\u00f3n preventiva sin l\u00edmite por la emboscada a su novia\", \"description\": \"La fiscal\u00eda solicit\u00f3 prisi\u00f3n preventiva sin l\u00edmite de tiempo para el exasesor de Milei, acusado de dirigir un ataque a balazos contra su novia embarazada.\", \"datePublished\": \"2026-08-21T09:32:41-03:00\", \"dateModified\": \"2026-08-21T09:32:41-03:00\", \"inLanguage\": \"es-AR\", \"articleSection\": \"nacionales\", \"author\": {\"@type\": \"Organization\", \"name\": \"Redaccion LT15 Concordia\", \"url\": \"https:\/\/lt15concordia.com.ar\"}, \"publisher\": {\"@type\": \"Organization\", \"name\": \"LT15 Concordia\"}, \"mainEntityOfPage\": {\"@type\": \"WebPage\", \"@id\": \"https:\/\/lt15concordia.com.ar\/index.php\/2026\/08\/21\/caso-cerimedo-piden-prision-preventiva-sin-limite-por-la-emboscada-a-su-novia\/\"}, \"image\": [\"https:\/\/resizer.glanacion.com\/resizer\/v2\/ZCXAS4G3P5HI5AOL6S7W6RTQJU.jpg?auth=1c236e60b82898093d43c18bc58709019cc0522676c9acc2fe3ab3760e4995a4&smart=true&width=1360&height=910\"]}<\/script><\/p>\n","protected":false},"excerpt":{"rendered":"<p>La fiscal\u00eda solicit\u00f3 prisi\u00f3n preventiva sin l\u00edmite de tiempo para el exasesor de Milei, acusado de dirigir un ataque a balazos contra su novia embarazada.<\/p>\n","protected":false},"author":5,"featured_media":58610,"comment_status":"closed","ping_status":"closed","sticky":false,"template":"","format":"standard","meta":{"footnotes":""},"categories":[89],"tags":[4255,4254,1073,513,1826],"_links":{"self":[{"href":"https:\/\/lt15concordia.com.ar\/index.php\/wp-json\/wp\/v2\/posts\/58611"}],"collection":[{"href":"https:\/\/lt15concordia.com.ar\/index.php\/wp-json\/wp\/v2\/posts"}],"about":[{"href":"https:\/\/lt15concordia.com.ar\/index.php\/wp-json\/wp\/v2\/types\/post"}],"author":[{"embeddable":true,"href":"https:\/\/lt15concordia.com.ar\/index.php\/wp-json\/wp\/v2\/users\/5"}],"replies":[{"embeddable":true,"href":"https:\/\/lt15concordia.com.ar\/index.php\/wp-json\/wp\/v2\/comments?post=58611"}],"version-history":[{"count":2,"href":"https:\/\/lt15concordia.com.ar\/index.php\/wp-json\/wp\/v2\/posts\/58611\/revisions"}],"predecessor-version":[{"id":58613,"href":"https:\/\/lt15concordia.com.ar\/index.php\/wp-json\/wp\/v2\/posts\/58611\/revisions\/58613"}],"wp:featuredmedia":[{"embeddable":true,"href":"https:\/\/lt15concordia.com.ar\/index.php\/wp-json\/wp\/v2\/media\/58610"}],"wp:attachment":[{"href":"https:\/\/lt15concordia.com.ar\/index.php\/wp-json\/wp\/v2\/media?parent=58611"}],"wp:term":[{"taxonomy":"category","embeddable":true,"href":"https:\/\/lt15concordia.com.ar\/index.php\/wp-json\/wp\/v2\/categories?post=58611"},{"taxonomy":"post_tag","embeddable":true,"href":"https:\/\/lt15concordia.com.ar\/index.php\/wp-json\/wp\/v2\/tags?post=58611"}],"curies":[{"name":"wp","href":"https:\/\/api.w.org\/{rel}","templated":true}]}}