{"id":58607,"date":"2026-08-21T09:31:34","date_gmt":"2026-08-21T12:31:34","guid":{"rendered":"https:\/\/lt15concordia.com.ar\/?p=58607"},"modified":"2026-08-21T09:31:45","modified_gmt":"2026-08-21T12:31:45","slug":"entre-rios-la-provincia-con-mas-suicidios-del-pais-la-cifra-que-alarma","status":"publish","type":"post","link":"https:\/\/lt15concordia.com.ar\/index.php\/2026\/08\/21\/entre-rios-la-provincia-con-mas-suicidios-del-pais-la-cifra-que-alarma\/","title":{"rendered":"Entre R\u00edos, la provincia con m\u00e1s suicidios del pa\u00eds: la cifra que alarma"},"content":{"rendered":"<p>Los n\u00fameros son duros y no admiten eufemismos: <strong>Entre R\u00edos<\/strong> encabeza el ranking nacional de suicidios con una tasa de <strong>20,8 casos cada 100.000 habitantes<\/strong>, la m\u00e1s alta de todo el pa\u00eds seg\u00fan un informe presentado en la sede de la <strong>Asamblea Permanente por los Derechos Humanos (APDH)<\/strong>. El dato no es un pico aislado: se sostiene a lo largo de los nueve a\u00f1os relevados por el estudio.<\/p>\n<p>El informe, titulado <strong>[Ayuda] Cuando matarse aparece como una opci\u00f3n en la Argentina<\/strong>, fue elaborado por el <strong>Observatorio de Pol\u00edtica Criminal<\/strong> que dirige <strong>Ariel Larroude<\/strong>, tambi\u00e9n director del posgrado en Pol\u00edtica Criminal y Delitos Complejos de la Facultad de Derecho de la <strong>UBA<\/strong>. La conclusi\u00f3n es tan contundente como inc\u00f3moda: <em>&#8220;La realidad de los suicidios en la Argentina navega, lamentablemente, en una situaci\u00f3n cr\u00edtica&#8221;<\/em>.<\/p>\n<p>A nivel nacional, el salto es estremecedor. En <strong>2017<\/strong> murieron <strong>3.304 personas<\/strong> por esta causa; el a\u00f1o pasado, <strong>5.209<\/strong>. Eso representa un aumento de la tasa de <strong>8,2 a 11,8 suicidios consumados cada 100.000 habitantes<\/strong> en la poblaci\u00f3n de cinco a\u00f1os en adelante. El propio Larroude lo defini\u00f3 como <strong>&#8220;la tasa nacional de suicidios registrada m\u00e1s alta de la historia argentina&#8221;<\/strong>.<\/p>\n<p>Uno de los datos que m\u00e1s deber\u00eda sacudir a la pol\u00edtica es la comparaci\u00f3n con los homicidios dolosos. Mientras la tasa de homicidios <strong>baj\u00f3 de 5,2 a 3,6 por cada 100.000 habitantes<\/strong> entre 2017 y el a\u00f1o pasado, la de suicidios creci\u00f3 hasta <strong>casi cuadruplicarla<\/strong>. El informe habla de una <strong>&#8220;transmutaci\u00f3n de la violencia letal&#8221;<\/strong>: la que m\u00e1s crece ya no es la que se ejerce sobre otros, sino la que se ejerce sobre uno mismo.<\/p>\n<p>Otro dato que deber\u00eda prender alarmas en las gestiones provinciales y municipales: el <strong>suicidio desplaz\u00f3 a los accidentes de tr\u00e1nsito<\/strong> como primera causa de mortalidad en <strong>varones y mujeres de entre 15 y 34 a\u00f1os<\/strong>. Una generaci\u00f3n entera en riesgo, con escasa visibilidad p\u00fablica y, seg\u00fan el informe, con el <strong>presupuesto de salud mental m\u00e1s bajo de los \u00faltimos a\u00f1os<\/strong> a nivel nacional.<\/p>\n<p>En t\u00e9rminos absolutos, <strong>Entre R\u00edos registr\u00f3 288 casos en 2025<\/strong>, integrando el grupo de cuatro provincias que concentran <strong>6 de cada 10 suicidios del pa\u00eds<\/strong>, junto a Buenos Aires (1.977 casos), Santa Fe (461) y C\u00f3rdoba (371). Las tasas m\u00e1s bajas corresponden a R\u00edo Negro, Neuqu\u00e9n, Corrientes, Ciudad de Buenos Aires, Misiones, Jujuy y C\u00f3rdoba. La brecha entre la provincia mejor y peor posicionada es abismal: de <strong>6,5 a 20,8<\/strong>.<\/p>\n<p>El autor del informe fue claro al se\u00f1alar que los datos surgen del <strong>Sistema Nacional de Informaci\u00f3n Criminal<\/strong> y del <strong>Sistema de Alerta Temprana de Suicidios (SAT-SS)<\/strong> del Ministerio de Seguridad, alimentados por las polic\u00edas provinciales y fuerzas federales. No son proyecciones ni estimaciones: son registros oficiales que, seg\u00fan el propio Larroude, vienen pasando <strong>&#8220;desapercibidos en toda su extensi\u00f3n, tanto para la sociedad como para la pol\u00edtica&#8221;<\/strong>. La pregunta que queda flotando es cu\u00e1nto tiempo m\u00e1s puede sostenerse esa indiferencia.<\/p>\n<p><script type=\"application\/ld+json\">{\"@context\": \"https:\/\/schema.org\", \"@type\": \"NewsArticle\", \"headline\": \"Entre R\u00edos, la provincia con m\u00e1s suicidios del pa\u00eds: la cifra que alarma\", \"description\": \"Un informe del Observatorio de Pol\u00edtica Criminal revela que Entre R\u00edos tiene la tasa m\u00e1s alta del pa\u00eds: 20,8 casos cada 100.000 habitantes.\", \"datePublished\": \"2026-08-21T09:31:45-03:00\", \"dateModified\": \"2026-08-21T09:31:45-03:00\", \"inLanguage\": \"es-AR\", \"articleSection\": \"salud\", \"author\": {\"@type\": \"Organization\", \"name\": \"Redaccion LT15 Concordia\", \"url\": \"https:\/\/lt15concordia.com.ar\"}, \"publisher\": {\"@type\": \"Organization\", \"name\": \"LT15 Concordia\"}, \"mainEntityOfPage\": {\"@type\": \"WebPage\", \"@id\": \"https:\/\/lt15concordia.com.ar\/index.php\/2026\/08\/21\/entre-rios-la-provincia-con-mas-suicidios-del-pais-la-cifra-que-alarma\/\"}, \"image\": [\"https:\/\/www.diariojunio.com.ar\/wp-content\/uploads\/2026\/08\/suicidios.jpg\"]}<\/script><\/p>\n","protected":false},"excerpt":{"rendered":"<p>Un informe del Observatorio de Pol\u00edtica Criminal revela que Entre R\u00edos tiene la tasa m\u00e1s alta del pa\u00eds: 20,8 casos cada 100.000 habitantes.<\/p>\n","protected":false},"author":5,"featured_media":58606,"comment_status":"closed","ping_status":"closed","sticky":false,"template":"","format":"standard","meta":{"footnotes":""},"categories":[37],"tags":[63,1060,4253,292,1256,3360],"_links":{"self":[{"href":"https:\/\/lt15concordia.com.ar\/index.php\/wp-json\/wp\/v2\/posts\/58607"}],"collection":[{"href":"https:\/\/lt15concordia.com.ar\/index.php\/wp-json\/wp\/v2\/posts"}],"about":[{"href":"https:\/\/lt15concordia.com.ar\/index.php\/wp-json\/wp\/v2\/types\/post"}],"author":[{"embeddable":true,"href":"https:\/\/lt15concordia.com.ar\/index.php\/wp-json\/wp\/v2\/users\/5"}],"replies":[{"embeddable":true,"href":"https:\/\/lt15concordia.com.ar\/index.php\/wp-json\/wp\/v2\/comments?post=58607"}],"version-history":[{"count":2,"href":"https:\/\/lt15concordia.com.ar\/index.php\/wp-json\/wp\/v2\/posts\/58607\/revisions"}],"predecessor-version":[{"id":58609,"href":"https:\/\/lt15concordia.com.ar\/index.php\/wp-json\/wp\/v2\/posts\/58607\/revisions\/58609"}],"wp:featuredmedia":[{"embeddable":true,"href":"https:\/\/lt15concordia.com.ar\/index.php\/wp-json\/wp\/v2\/media\/58606"}],"wp:attachment":[{"href":"https:\/\/lt15concordia.com.ar\/index.php\/wp-json\/wp\/v2\/media?parent=58607"}],"wp:term":[{"taxonomy":"category","embeddable":true,"href":"https:\/\/lt15concordia.com.ar\/index.php\/wp-json\/wp\/v2\/categories?post=58607"},{"taxonomy":"post_tag","embeddable":true,"href":"https:\/\/lt15concordia.com.ar\/index.php\/wp-json\/wp\/v2\/tags?post=58607"}],"curies":[{"name":"wp","href":"https:\/\/api.w.org\/{rel}","templated":true}]}}