{"id":58163,"date":"2026-08-19T15:32:22","date_gmt":"2026-08-19T18:32:22","guid":{"rendered":"https:\/\/lt15concordia.com.ar\/?p=58163"},"modified":"2026-08-19T15:32:34","modified_gmt":"2026-08-19T18:32:34","slug":"marco-del-pont-el-dolar-a-1500-esta-muy-atrasado","status":"publish","type":"post","link":"https:\/\/lt15concordia.com.ar\/index.php\/2026\/08\/19\/marco-del-pont-el-dolar-a-1500-esta-muy-atrasado\/","title":{"rendered":"Marc\u00f3 del Pont: &#8220;El d\u00f3lar a $1.500 est\u00e1 muy atrasado&#8221;"},"content":{"rendered":"<p>Una voz que conoce el Banco Central desde adentro sali\u00f3 a cuestionar el coraz\u00f3n de la pol\u00edtica econ\u00f3mica del Gobierno. <strong>Mercedes Marc\u00f3 del Pont<\/strong>, ex presidenta del <strong>BCRA<\/strong>, fue directa: el d\u00f3lar a <strong>$1.500<\/strong> est\u00e1 <strong>&#8220;muy atrasado&#8221;<\/strong> y el Gobierno lo sabe, aunque no lo diga en voz alta.<\/p>\n<p>&#8220;El Gobierno est\u00e1 usando y apostando todo a mantener el d\u00f3lar en <strong>$1.500<\/strong>, y est\u00e1 interviniendo de todas las formas posibles&#8221;, afirm\u00f3 la economista en di\u00e1logo con Infobae en Vivo. La intervenci\u00f3n, seg\u00fan describi\u00f3, abarca el <strong>mercado de t\u00edtulos<\/strong>, la venta de d\u00f3lares por parte del Tesoro y el <strong>mercado de futuros<\/strong>. Un despliegue que, a su criterio, delata que el propio oficialismo reconoce impl\u00edcitamente que el tipo de cambio es la variable determinante de la inflaci\u00f3n.<\/p>\n<p>El diagn\u00f3stico de Marc\u00f3 del Pont pone el foco en el d\u00f3lar por encima de las variables monetarias. &#8220;En el diagn\u00f3stico que tengo sobre el proceso de aceleraci\u00f3n inflacionaria en Argentina, incide m\u00e1s lo que ocurre con el d\u00f3lar que lo que sucede con las variables monetarias&#8221;, sostuvo. Una afirmaci\u00f3n que, viniendo de quien impuls\u00f3 la <strong>reforma de la Carta Org\u00e1nica del BCRA en 2012<\/strong> \u2014que habilit\u00f3 mayor asistencia al Tesoro mediante emisi\u00f3n\u2014 tiene un peso particular: es la misma l\u00f3gica que sus cr\u00edticos le aplicaron a ella durante el kirchnerismo.<\/p>\n<p>La economista tambi\u00e9n explic\u00f3 el mecanismo de transmisi\u00f3n: cuando la expansi\u00f3n de dinero no es acompa\u00f1ada por demanda genuina, la gente sale a comprar d\u00f3lares y eso presiona el tipo de cambio. Y cuando el gasto se cubre con importaciones generando desequilibrio en el comercio exterior, el resultado es inflaci\u00f3n. Para el per\u00edodo anterior, atribuy\u00f3 parte de la aceleraci\u00f3n inflacionaria al impacto de la <strong>sequ\u00eda<\/strong>, que seg\u00fan estim\u00f3 le rest\u00f3 al Banco Central <strong>USD 20.000 millones<\/strong> de reservas internacionales.<\/p>\n<p>Sobre la <strong>reforma de la Carta Org\u00e1nica<\/strong> que impulsa la administraci\u00f3n de <strong>Javier Milei<\/strong>, Marc\u00f3 del Pont fue contundente: representa un retroceso que buena parte de la dirigencia no est\u00e1 dimensionando. El punto que m\u00e1s la preocupa es la modificaci\u00f3n del mandato institucional. &#8220;Quieren volver al mandato que ten\u00eda el Banco Central con la ley de convertibilidad, donde solamente se contempla la estabilidad monetaria&#8221;, advirti\u00f3, y agreg\u00f3 que eso implicar\u00eda quitarle al organismo herramientas para intervenir sobre el cr\u00e9dito, las tasas de inter\u00e9s y el tipo de cambio.<\/p>\n<p>El argumento es que la baja de la inflaci\u00f3n lograda por el Gobierno no se explica solo por la pol\u00edtica monetaria restrictiva, sino tambi\u00e9n por la <strong>retracci\u00f3n del mercado interno<\/strong>, la ca\u00edda del poder adquisitivo de los salarios, la apertura importadora y el ancla cambiaria. Factores que, en su lectura, son insostenibles en el tiempo sin costo social. La pregunta que queda flotando es cu\u00e1nto m\u00e1s puede aguantar ese ancla antes de que el peso del atraso cambiario se haga sentir con fuerza.<\/p>\n<p><script type=\"application\/ld+json\">{\"@context\": \"https:\/\/schema.org\", \"@type\": \"NewsArticle\", \"headline\": \"Marc\u00f3 del Pont: \\\"El d\u00f3lar a $1.500 est\u00e1 muy atrasado\\\"\", \"description\": \"La ex presidenta del BCRA cuestion\u00f3 la estrategia cambiaria de Milei y advirti\u00f3 que el tipo de cambio est\u00e1 siendo sostenido artificialmente.\", \"datePublished\": \"2026-08-19T15:32:32-03:00\", \"dateModified\": \"2026-08-19T15:32:32-03:00\", \"inLanguage\": \"es-AR\", \"articleSection\": \"economia\", \"author\": {\"@type\": \"Organization\", \"name\": \"Redaccion LT15 Concordia\", \"url\": \"https:\/\/lt15concordia.com.ar\"}, \"publisher\": {\"@type\": \"Organization\", \"name\": \"LT15 Concordia\"}, \"mainEntityOfPage\": {\"@type\": \"WebPage\", \"@id\": \"https:\/\/lt15concordia.com.ar\/index.php\/2026\/08\/19\/marco-del-pont-el-dolar-a-1500-esta-muy-atrasado\/\"}, \"image\": [\"https:\/\/dosflorines.com.ar\/wp-content\/uploads\/2026\/08\/mercedes-marco-del-pont.jpeg\"]}<\/script><\/p>\n","protected":false},"excerpt":{"rendered":"<p>La ex presidenta del BCRA cuestion\u00f3 la estrategia cambiaria de Milei y advirti\u00f3 que el tipo de cambio est\u00e1 siendo sostenido artificialmente.<\/p>\n","protected":false},"author":5,"featured_media":58162,"comment_status":"closed","ping_status":"closed","sticky":false,"template":"","format":"standard","meta":{"footnotes":""},"categories":[89],"tags":[2049,669,97,4152,513,3195],"_links":{"self":[{"href":"https:\/\/lt15concordia.com.ar\/index.php\/wp-json\/wp\/v2\/posts\/58163"}],"collection":[{"href":"https:\/\/lt15concordia.com.ar\/index.php\/wp-json\/wp\/v2\/posts"}],"about":[{"href":"https:\/\/lt15concordia.com.ar\/index.php\/wp-json\/wp\/v2\/types\/post"}],"author":[{"embeddable":true,"href":"https:\/\/lt15concordia.com.ar\/index.php\/wp-json\/wp\/v2\/users\/5"}],"replies":[{"embeddable":true,"href":"https:\/\/lt15concordia.com.ar\/index.php\/wp-json\/wp\/v2\/comments?post=58163"}],"version-history":[{"count":2,"href":"https:\/\/lt15concordia.com.ar\/index.php\/wp-json\/wp\/v2\/posts\/58163\/revisions"}],"predecessor-version":[{"id":58165,"href":"https:\/\/lt15concordia.com.ar\/index.php\/wp-json\/wp\/v2\/posts\/58163\/revisions\/58165"}],"wp:featuredmedia":[{"embeddable":true,"href":"https:\/\/lt15concordia.com.ar\/index.php\/wp-json\/wp\/v2\/media\/58162"}],"wp:attachment":[{"href":"https:\/\/lt15concordia.com.ar\/index.php\/wp-json\/wp\/v2\/media?parent=58163"}],"wp:term":[{"taxonomy":"category","embeddable":true,"href":"https:\/\/lt15concordia.com.ar\/index.php\/wp-json\/wp\/v2\/categories?post=58163"},{"taxonomy":"post_tag","embeddable":true,"href":"https:\/\/lt15concordia.com.ar\/index.php\/wp-json\/wp\/v2\/tags?post=58163"}],"curies":[{"name":"wp","href":"https:\/\/api.w.org\/{rel}","templated":true}]}}