{"id":54385,"date":"2026-07-30T07:31:25","date_gmt":"2026-07-30T10:31:25","guid":{"rendered":"https:\/\/lt15concordia.com.ar\/?p=54385"},"modified":"2026-07-30T07:31:37","modified_gmt":"2026-07-30T10:31:37","slug":"las-ventas-en-supermercados-de-entre-rios-cayeron-62-en-cinco-meses","status":"publish","type":"post","link":"https:\/\/lt15concordia.com.ar\/index.php\/2026\/07\/30\/las-ventas-en-supermercados-de-entre-rios-cayeron-62-en-cinco-meses\/","title":{"rendered":"Las ventas en supermercados de Entre R\u00edos cayeron 6,2% en cinco meses"},"content":{"rendered":"<p>El bolsillo no aguanta m\u00e1s. Las ventas en supermercados de <strong>Entre R\u00edos<\/strong> acumularon una ca\u00edda del <strong>6,2%<\/strong> en los \u00faltimos cinco meses, una se\u00f1al clara de que el poder adquisitivo de las familias entrerrianas sigue bajo presi\u00f3n. No es un dato aislado: la tendencia se repite en la mayor\u00eda de las provincias del pa\u00eds, aunque con distinta intensidad.<\/p>\n<p>El panorama regional es todav\u00eda m\u00e1s duro en algunos casos. Las bajas m\u00e1s pronunciadas del per\u00edodo se registraron en <strong>La Rioja<\/strong> con un <strong>-12,2%<\/strong>, <strong>Misiones<\/strong> con un <strong>-14,3%<\/strong> y <strong>Corrientes<\/strong> con un desplome del <strong>-22,7%<\/strong>, siendo las \u00fanicas tres jurisdicciones que alcanzaron ca\u00eddas de doble d\u00edgito. Frente a esos n\u00fameros, el <strong>-6,2%<\/strong> entrerriano podr\u00eda parecer moderado, pero no deja de ser una contracci\u00f3n significativa del consumo cotidiano.<\/p>\n<p>\u00bfQu\u00e9 explica esta sangr\u00eda en las g\u00f3ndolas? La respuesta es conocida pero no por eso menos preocupante: la p\u00e9rdida sostenida del poder de compra de los salarios. Cuando el sueldo no alcanza para cubrir la canasta b\u00e1sica, lo primero que se ajusta es el carrito del supermercado. Se compra menos cantidad, se migra a marcas m\u00e1s baratas o directamente se deja de comprar ciertos productos. El consumo masivo funciona como un term\u00f3metro fiel del estado real de la econom\u00eda familiar.<\/p>\n<p>En <strong>Entre R\u00edos<\/strong>, la ca\u00edda del consumo en supermercados refleja un escenario que los comerciantes y las familias vienen sintiendo desde hace meses. La inflaci\u00f3n acumulada, la lenta recuperaci\u00f3n de los ingresos reales y la incertidumbre econ\u00f3mica general configuran un combo que golpea directo en el consumo diario. No hace falta un economista para entenderlo: alcanza con ver los tickets en la caja.<\/p>\n<p>El dato de los cinco meses es un llamado de atenci\u00f3n que no deber\u00eda pasar desapercibido para quienes toman decisiones de pol\u00edtica econ\u00f3mica, tanto a nivel provincial como nacional. El consumo interno es uno de los motores m\u00e1s sensibles de la actividad econ\u00f3mica, y cuando se frena, el impacto se siente en toda la cadena: desde los productores hasta los empleados del sector comercial.<\/p>\n<p><script type=\"application\/ld+json\">{\"@context\": \"https:\/\/schema.org\", \"@type\": \"NewsArticle\", \"headline\": \"Las ventas en supermercados de Entre R\u00edos cayeron 6,2% en cinco meses\", \"description\": \"La provincia registra una baja sostenida en el consumo masivo por p\u00e9rdida de poder adquisitivo. Corrientes, Misiones y La Rioja lideran las ca\u00eddas a nivel regional.\", \"datePublished\": \"2026-07-30T07:31:36-03:00\", \"dateModified\": \"2026-07-30T07:31:36-03:00\", \"inLanguage\": \"es-AR\", \"articleSection\": \"economia\", \"author\": {\"@type\": \"Organization\", \"name\": \"Redaccion LT15 Concordia\", \"url\": \"https:\/\/lt15concordia.com.ar\"}, \"publisher\": {\"@type\": \"Organization\", \"name\": \"LT15 Concordia\"}, \"mainEntityOfPage\": {\"@type\": \"WebPage\", \"@id\": \"https:\/\/lt15concordia.com.ar\/index.php\/2026\/07\/30\/las-ventas-en-supermercados-de-entre-rios-cayeron-62-en-cinco-meses\/\"}, \"image\": [\"https:\/\/dosflorines.com.ar\/wp-content\/uploads\/2026\/04\/yerba-supermercado.jpg\"]}<\/script><\/p>\n","protected":false},"excerpt":{"rendered":"<p>La provincia registra una baja sostenida en el consumo masivo por p\u00e9rdida de poder adquisitivo. Corrientes, Misiones y La Rioja lideran las ca\u00eddas a nivel regional.<\/p>\n","protected":false},"author":5,"featured_media":54384,"comment_status":"closed","ping_status":"closed","sticky":false,"template":"","format":"standard","meta":{"footnotes":""},"categories":[37],"tags":[894,43,63,2629,876],"_links":{"self":[{"href":"https:\/\/lt15concordia.com.ar\/index.php\/wp-json\/wp\/v2\/posts\/54385"}],"collection":[{"href":"https:\/\/lt15concordia.com.ar\/index.php\/wp-json\/wp\/v2\/posts"}],"about":[{"href":"https:\/\/lt15concordia.com.ar\/index.php\/wp-json\/wp\/v2\/types\/post"}],"author":[{"embeddable":true,"href":"https:\/\/lt15concordia.com.ar\/index.php\/wp-json\/wp\/v2\/users\/5"}],"replies":[{"embeddable":true,"href":"https:\/\/lt15concordia.com.ar\/index.php\/wp-json\/wp\/v2\/comments?post=54385"}],"version-history":[{"count":2,"href":"https:\/\/lt15concordia.com.ar\/index.php\/wp-json\/wp\/v2\/posts\/54385\/revisions"}],"predecessor-version":[{"id":54387,"href":"https:\/\/lt15concordia.com.ar\/index.php\/wp-json\/wp\/v2\/posts\/54385\/revisions\/54387"}],"wp:featuredmedia":[{"embeddable":true,"href":"https:\/\/lt15concordia.com.ar\/index.php\/wp-json\/wp\/v2\/media\/54384"}],"wp:attachment":[{"href":"https:\/\/lt15concordia.com.ar\/index.php\/wp-json\/wp\/v2\/media?parent=54385"}],"wp:term":[{"taxonomy":"category","embeddable":true,"href":"https:\/\/lt15concordia.com.ar\/index.php\/wp-json\/wp\/v2\/categories?post=54385"},{"taxonomy":"post_tag","embeddable":true,"href":"https:\/\/lt15concordia.com.ar\/index.php\/wp-json\/wp\/v2\/tags?post=54385"}],"curies":[{"name":"wp","href":"https:\/\/api.w.org\/{rel}","templated":true}]}}