{"id":4099,"date":"2023-04-01T10:26:48","date_gmt":"2023-04-01T13:26:48","guid":{"rendered":"https:\/\/lt15concordia.com.ar\/?p=4099"},"modified":"2023-04-01T10:26:50","modified_gmt":"2023-04-01T13:26:50","slug":"asi-seran-los-actos-conmemorativos-de-la-gesta-de-malvinas-y-dia-del-veterano-de-guerra","status":"publish","type":"post","link":"https:\/\/lt15concordia.com.ar\/index.php\/2023\/04\/01\/asi-seran-los-actos-conmemorativos-de-la-gesta-de-malvinas-y-dia-del-veterano-de-guerra\/","title":{"rendered":"As\u00ed ser\u00e1n los actos conmemorativos de la gesta de Malvinas y D\u00eda del Veterano de Guerra"},"content":{"rendered":"\n<p>En el marco del 41\u00b0 Aniversario de la Gesta de Malvinas y el D\u00eda del Veterano y de los Ca\u00eddos en la Guerra de Malvinas, el Centro de Veteranos de Guerra \u201cMalvinas\u201d de Concordia, junto a la Municipalidad de Concordia, realizar\u00e1 distintas actividades para recordar esta hist\u00f3rica fecha.<\/p>\n\n\n\n<p><\/p>\n\n\n\n<p><strong>CRONOGRAMA DE ACTIVIDADES:<\/strong><\/p>\n\n\n\n<p>Actos Conmemorativos del 41\u00b0 Aniversario de la Gesta de Malvinas<\/p>\n\n\n\n<p>VIGILIA &#8211; 1 de abril<\/p>\n\n\n\n<p>De 19 a 24 en la Costanera (Sector Espigones)<\/p>\n\n\n\n<p>El evento contar\u00e1 con la Exposici\u00f3n de las distintas Fuerzas con asiento en la Ciudad de Concordia: Ej\u00e9rcito Argentino (RC Tan 6 \u201cBlandengues\u201d), Armada de la Rep\u00fablica Argentina (Delegaci\u00f3n Concordia), Prefectura Naval Argentina (Prefectura Concordia \/ Salto Grande), Gendarmer\u00eda Nacional (Escuadr\u00f3n 4 \u2013 Concordia), Polic\u00eda de la Provincia de Entre R\u00edos \u2013 Departamental Concordia, Polic\u00eda Federal Argentina (Subdelegaci\u00f3n Concordia)<\/p>\n\n\n\n<p>La presentaci\u00f3n de los n\u00fameros art\u00edsticos organizados por la Direcci\u00f3n de Cultura se realizar\u00e1n de 20:30 a 23:30.<\/p>\n\n\n\n<p>Posteriormente actuaci\u00f3n de la Interpretaci\u00f3n musical de la Banda Militar del RC Tan 6 \u201cBlandengues\u201d.<\/p>\n\n\n\n<p><\/p>\n\n\n\n<p><strong>SIMULACRO DE DESEMBARCO<\/strong><\/p>\n\n\n\n<p>Desde las 23:50 hs. del 1 de abril hasta a la 1 del 2 de abril, en la Costanera (Sector Espigones)<\/p>\n\n\n\n<p>23:30 \/ 23:50: Concentraci\u00f3n de Autoridades \u2013Veteranos de Guerra de Malvinas \u2013 Familiares &#8211; P\u00fablico. (Sector Espigones).<\/p>\n\n\n\n<p>23:55: Comienzo de la Rese\u00f1a Hist\u00f3rica del Desembarco del 2 de Abril de 1982, luego, inicio del simulacro de desembarco<\/p>\n\n\n\n<p>A continuaci\u00f3n, despliegue de la Bandera Argentina y desplazamiento hasta el m\u00e1stil para realizar el izamiento del pabell\u00f3n Nacional acompa\u00f1ado de las estrofas de \u201cAurora\u201d, interpretada por la Banda Militar.<\/p>\n\n\n\n<p><\/p>\n\n\n\n<p><strong>ACTO CENTRAL<\/strong><\/p>\n\n\n\n<p>D\u00eda 2 de abril, Costanera de Concordia<\/p>\n\n\n\n<p>00:15<\/p>\n\n\n\n<p>&#8211; Nombramiento de los Veteranos de Guerra de Malvinas en el Lugar de Honor<\/p>\n\n\n\n<p>&#8211; Presentaci\u00f3n y saludo de tropas<\/p>\n\n\n\n<p>&#8211; Entonaci\u00f3n del Himno Nacional Argentino<\/p>\n\n\n\n<p>&#8211; Entrega de plaquetas personal a Familiares de Ca\u00eddos, Familiares de<\/p>\n\n\n\n<p>Socios Extintos y VVGGMM, por parte de la Municipalidad de Concordia.<\/p>\n\n\n\n<p>&#8211; Palabras del Presidente del Centro VGM D Rodolfo Oscar Razetto<\/p>\n\n\n\n<p>&#8211; Palabras del Se\u00f1or Presidente Municipal de la Ciudad de Concordia<\/p>\n\n\n\n<p>&#8211; Nombramiento de los VVGGMM Ca\u00eddos en el Conflicto y Fallecidos Pos Guerra<\/p>\n\n\n\n<p>&#8211; Invocaci\u00f3n Religiosa<\/p>\n\n\n\n<p>&#8211; Minuto de Silencio en memoria de los Ca\u00eddos<\/p>\n\n\n\n<p>&#8211; Entonaci\u00f3n de Marcha de Malvinas<\/p>\n\n\n\n<p>&#8211; Desfile<\/p>\n\n\n\n<p>&#8211; Desconcentraci\u00f3n<\/p>\n\n\n\n<p><\/p>\n\n\n\n<p><strong>HOMENAJE<\/strong><\/p>\n\n\n\n<p>2 de abril<\/p>\n\n\n\n<p>8:00 &#8211; Formaci\u00f3n en el RC Tan 6 \u201cBlandengues\u201d<\/p>\n\n\n\n<p>11:00 &#8211; Colocaci\u00f3n de Ofrenda en el Cementerio \u2013 Cruz Mayor<\/p>\n","protected":false},"excerpt":{"rendered":"<p>En el marco del 41\u00b0 Aniversario de la Gesta de Malvinas y el D\u00eda del Veterano y de los Ca\u00eddos en la Guerra de Malvinas, el Centro de Veteranos de Guerra \u201cMalvinas\u201d de Concordia, junto a la Municipalidad de Concordia, realizar\u00e1 distintas actividades para recordar esta hist\u00f3rica fecha. CRONOGRAMA DE ACTIVIDADES: Actos Conmemorativos del 41\u00b0 [&hellip;]<\/p>\n","protected":false},"author":5,"featured_media":4080,"comment_status":"open","ping_status":"open","sticky":false,"template":"","format":"standard","meta":{"footnotes":""},"categories":[30],"tags":[],"_links":{"self":[{"href":"https:\/\/lt15concordia.com.ar\/index.php\/wp-json\/wp\/v2\/posts\/4099"}],"collection":[{"href":"https:\/\/lt15concordia.com.ar\/index.php\/wp-json\/wp\/v2\/posts"}],"about":[{"href":"https:\/\/lt15concordia.com.ar\/index.php\/wp-json\/wp\/v2\/types\/post"}],"author":[{"embeddable":true,"href":"https:\/\/lt15concordia.com.ar\/index.php\/wp-json\/wp\/v2\/users\/5"}],"replies":[{"embeddable":true,"href":"https:\/\/lt15concordia.com.ar\/index.php\/wp-json\/wp\/v2\/comments?post=4099"}],"version-history":[{"count":1,"href":"https:\/\/lt15concordia.com.ar\/index.php\/wp-json\/wp\/v2\/posts\/4099\/revisions"}],"predecessor-version":[{"id":4100,"href":"https:\/\/lt15concordia.com.ar\/index.php\/wp-json\/wp\/v2\/posts\/4099\/revisions\/4100"}],"wp:featuredmedia":[{"embeddable":true,"href":"https:\/\/lt15concordia.com.ar\/index.php\/wp-json\/wp\/v2\/media\/4080"}],"wp:attachment":[{"href":"https:\/\/lt15concordia.com.ar\/index.php\/wp-json\/wp\/v2\/media?parent=4099"}],"wp:term":[{"taxonomy":"category","embeddable":true,"href":"https:\/\/lt15concordia.com.ar\/index.php\/wp-json\/wp\/v2\/categories?post=4099"},{"taxonomy":"post_tag","embeddable":true,"href":"https:\/\/lt15concordia.com.ar\/index.php\/wp-json\/wp\/v2\/tags?post=4099"}],"curies":[{"name":"wp","href":"https:\/\/api.w.org\/{rel}","templated":true}]}}